{"id":57666,"date":"2015-09-23T03:39:04","date_gmt":"2015-09-23T01:39:04","guid":{"rendered":"https:\/\/clinicadeansiedad.com\/uncategorized-ca\/sintomas-de-las-fobias-especificas-criterios-diagnosticos-segun-las-clasificaciones-internacionales\/"},"modified":"2026-01-30T11:18:19","modified_gmt":"2026-01-30T09:18:19","slug":"sintomas-de-las-fobias-especificas-criterios-diagnosticos-segun-las-clasificaciones-internacionales","status":"publish","type":"post","link":"https:\/\/clinicadeansiedad.com\/ca\/problemes\/fobias-especificas\/sintomas-de-las-fobias-especificas-criterios-diagnosticos-segun-las-clasificaciones-internacionales\/","title":{"rendered":"Els s\u00edmptomes de les f\u00f2bies espec\u00edfiques: Els criteris diagn\u00f2stics d\u2019acord amb les classificacions internacionals"},"content":{"rendered":"\n<p>Per efectuar el diagn\u00f2stic de les f\u00f2bies simples o espec\u00edfiques, els especialistes es basen en els criteris diagn\u00f2stics del <span class=\"tit_azul\">DSM-V<\/span> o de la <strong><span class=\"tit_azul\">CIE-10<\/span>,<\/strong> dues classificacions de les malalties consensuades per especialistes de diverses nacionalitats i de reconegut prestigi.<\/p>\n\n\n\n<p>Recordi, no obstant aix\u00f2, que <span class=\"color_azul\">vost\u00e8 no pot autodiagnosticar-se, ni ha de fer-ho. Nom\u00e9s un professional expert de la salut pot diagnosticar amb rigor i fiabilitat<\/span><strong>.<\/strong> Quan alg\u00fa est\u00e0 preocupat per la seva salut o per la seva normalitat, \u00e9s habitual que s\u2019identifiqui amb s\u00edmptomes o amb malalties que no pateix o que es confongui amb d\u2019altres de possibles.<\/p>\n\n\n\n<p><strong><span class=\"tit_azul\">Criteris del DSM-IV per al diagn\u00f2stic de les f\u00f2bies espec\u00edfiques<\/span><\/strong><\/p>\n\n\n\n<p>Font: American Psychiatric Association.<\/p>\n\n\n\n<ol class=\"wp-block-list\">\n<li>Por o ansietat intenses a causa d\u2019un objecte o d\u2019una situaci\u00f3 espec\u00edfica (per exemple, volar, les altures, els animals, l\u2019administraci\u00f3 d\u2019una injecci\u00f3, veure sang).<strong>\u00a0<\/strong>En els nens, la por o l\u2019ansietat es poden expressar amb plors, amb rebequeries, quedant-se paralitzats o amb conductes d\u2019aferrament.<\/li>\n\n\n\n<li>L\u2019objecte o la situaci\u00f3 f\u00f2bics s\u2019eviten o es resisteixen activament amb por o amb una ansietat immediata.<\/li>\n\n\n\n<li>L\u2019objecte o la situaci\u00f3 f\u00f2bics s\u2019eviten o es resisteixen activament amb por o amb una ansietat intensa.<\/li>\n\n\n\n<li>La por o l\u2019ansietat s\u00f3n desproporcionades respecte del perill real que plantegen l\u2019objecte o la situaci\u00f3 espec\u00edfics i del context sociocultural.<\/li>\n\n\n\n<li>La por, l\u2019ansietat o l\u2019evitaci\u00f3 s\u00f3n persistents i duren t\u00edpicament sis mesos o m\u00e9s.<\/li>\n\n\n\n<li>La por, l\u2019ansietat o l\u2019evitaci\u00f3 causen malestar cl\u00ednicament significatiu o deteriorament en els \u00e0mbits social o laboral, o en altres \u00e0rees importants del funcionament.<\/li>\n\n\n\n<li>L\u2019alteraci\u00f3 no s\u2019explica millor pels s\u00edmptomes d\u2019un altre trastorn mental, com la por, l\u2019ansietat i l\u2019evitaci\u00f3 en situacions associades a s\u00edmptomes de tipus p\u00e0nic o a altres s\u00edmptomes incapacitants (com en l\u2019agoraf\u00f2bia), respecte d\u2019objectes o de situacions relacionats amb determinades obsessions (com en el trastorn obsessivocompulsiu), amb els records de successos traum\u00e0tics (com en el trastorn per estr\u00e8s posttraum\u00e0tic) o a deixar la llar o amb la separaci\u00f3 de les figures d\u2019aferrament (com en el trastorn d\u2019ansietat per separaci\u00f3), o en situacions socials (com en el trastorn d\u2019ansietat social).<\/li>\n<\/ol>\n\n\n\n<p><span class=\"tit_azul\">Criteris de la CIE-10 per al diagn\u00f2stic de les f\u00f2bies espec\u00edfiques (a\u00efllades o simples)<\/span><\/p>\n\n\n\n<p>Font: Organitzaci\u00f3 Mundial de la Salut.<\/p>\n\n\n\n<p>F\u00f2bies restringides a situacions molt espec\u00edfiques, com la proximitat de determinats animals, les altures, els trons, la foscor, viatjar amb avi\u00f3, els espais tancats, haver d\u2019utilitzar els lavabos p\u00fablics, ingerir determinats aliments, anar al dentista, veure sang o ferides, o el contagi de malalties concretes.<\/p>\n\n\n\n<p>Tot i que la situaci\u00f3 desencadenant \u00e9s molt espec\u00edfica i concreta, la seva pres\u00e8ncia pot produir p\u00e0nic com en l\u2019agoraf\u00f2bia i en les f\u00f2bies socials.<\/p>\n\n\n\n<p>Les f\u00f2bies espec\u00edfiques acostumen a presentar-se per primera vegada en la inf\u00e0ncia o al comen\u00e7ament de la vida adulta i si no es tracten, poden perdurar durant d\u00e8cades. El grau d\u2019incapacitat que causen dep\u00e8n que sigui m\u00e9s o menys f\u00e0cil per a l\u2019afectat evitar la situaci\u00f3 f\u00f2bica. La por de la situaci\u00f3 f\u00f2bica t\u00e9 tend\u00e8ncia a ser estable, al contrari del que succeeix en l\u2019agoraf\u00f2bia.<\/p>\n\n\n\n<p><span class=\"color_azul\">Pautes per al diagn\u00f2stic<\/span><\/p>\n\n\n\n<ol class=\"wp-block-list\">\n<li>Els s\u00edmptomes, psicol\u00f2gics o vegetatius, s\u00f3n manifestacions prim\u00e0ries de l\u2019ansietat i no secund\u00e0ries a altres s\u00edmptomes, com, per exemple, idees delirants o obsessives.<\/li>\n\n\n\n<li>Aquesta ansietat es limita a la pres\u00e8ncia de situacions o d\u2019objectes f\u00f2bics espec\u00edfics.<\/li>\n\n\n\n<li>Aquestes situacions s\u2019eviten en la mesura del possible.<\/li>\n<\/ol>\n\n\n\n<p>Inclou:&nbsp;Zoof\u00f2bies, claustrof\u00f2bia, acrof\u00f2bia, f\u00f2bia als ex\u00e0mens.<\/p>\n\n\n\n<p><\/p>\n","protected":false},"excerpt":{"rendered":"<p>Les f\u00f2bies espec\u00edfiques s\u00f3n pors restringides, que nom\u00e9s s\u2019activen a causa de situacions o d\u2019objectes molt concrets, com la proximitat de determinats animals, les altures, la foscor, viatjar amb avi\u00f3, els espais tancats, la visi\u00f3 de la sang o el possible contagi de determinades malalties.[:]<\/p>\n","protected":false},"author":3439,"featured_media":59646,"comment_status":"closed","ping_status":"closed","sticky":false,"template":"","format":"standard","meta":{"_bbp_topic_count":0,"_bbp_reply_count":0,"_bbp_total_topic_count":0,"_bbp_total_reply_count":0,"_bbp_voice_count":0,"_bbp_anonymous_reply_count":0,"_bbp_topic_count_hidden":0,"_bbp_reply_count_hidden":0,"_bbp_forum_subforum_count":0,"_joinchat":[],"footnotes":""},"categories":[76],"tags":[],"class_list":["post-57666","post","type-post","status-publish","format-standard","has-post-thumbnail","hentry","category-fobias-especificas"],"yoast_head":"<!-- This site is optimized with the Yoast SEO plugin v27.5 - https:\/\/yoast.com\/product\/yoast-seo-wordpress\/ -->\n<title>Els s\u00edmptomes de les f\u00f2bies espec\u00edfiques: Els criteris diagn\u00f2stics d\u2019acord amb les classificacions internacionals - Cl\u00ednica de la Ansiedad<\/title>\n<meta name=\"robots\" content=\"index, follow, max-snippet:-1, max-image-preview:large, max-video-preview:-1\" \/>\n<link rel=\"canonical\" href=\"https:\/\/clinicadeansiedad.com\/ca\/problemes\/fobias-especificas\/sintomas-de-las-fobias-especificas-criterios-diagnosticos-segun-las-clasificaciones-internacionales\/\" \/>\n<meta property=\"og:locale\" content=\"ca_ES\" \/>\n<meta property=\"og:type\" content=\"article\" \/>\n<meta property=\"og:title\" content=\"Els s\u00edmptomes de les f\u00f2bies espec\u00edfiques: Els criteris diagn\u00f2stics d\u2019acord amb les classificacions internacionals - Cl\u00ednica de la Ansiedad\" \/>\n<meta property=\"og:description\" content=\"Les f\u00f2bies espec\u00edfiques s\u00f3n pors restringides, que nom\u00e9s s\u2019activen a causa de situacions o d\u2019objectes molt concrets, com la proximitat de determinats animals, les altures, la foscor, viatjar amb avi\u00f3, els espais tancats, la visi\u00f3 de la sang o el possible contagi de determinades malalties.[:]\" \/>\n<meta property=\"og:url\" content=\"https:\/\/clinicadeansiedad.com\/ca\/problemes\/fobias-especificas\/sintomas-de-las-fobias-especificas-criterios-diagnosticos-segun-las-clasificaciones-internacionales\/\" \/>\n<meta property=\"og:site_name\" content=\"Cl\u00ednica de la Ansiedad\" \/>\n<meta property=\"article:published_time\" content=\"2015-09-23T01:39:04+00:00\" \/>\n<meta property=\"article:modified_time\" content=\"2026-01-30T09:18:19+00:00\" \/>\n<meta property=\"og:image\" content=\"https:\/\/clinicadeansiedad.com\/wp-content\/uploads\/2015\/09\/Como-te-afecta.gif\" \/>\n\t<meta property=\"og:image:width\" content=\"900\" \/>\n\t<meta property=\"og:image:height\" content=\"380\" \/>\n\t<meta property=\"og:image:type\" content=\"image\/gif\" \/>\n<meta name=\"author\" content=\"Administrador\" \/>\n<meta name=\"twitter:card\" content=\"summary_large_image\" \/>\n<meta name=\"twitter:label1\" content=\"Escrit per\" \/>\n\t<meta name=\"twitter:data1\" content=\"Administrador\" \/>\n\t<meta name=\"twitter:label2\" content=\"Temps estimat de lectura\" \/>\n\t<meta name=\"twitter:data2\" content=\"3 minuts\" \/>\n<script type=\"application\/ld+json\" class=\"yoast-schema-graph\">{\"@context\":\"https:\\\/\\\/schema.org\",\"@graph\":[{\"@type\":\"Article\",\"@id\":\"https:\\\/\\\/clinicadeansiedad.com\\\/ca\\\/problemes\\\/fobias-especificas\\\/sintomas-de-las-fobias-especificas-criterios-diagnosticos-segun-las-clasificaciones-internacionales\\\/#article\",\"isPartOf\":{\"@id\":\"https:\\\/\\\/clinicadeansiedad.com\\\/ca\\\/problemes\\\/fobias-especificas\\\/sintomas-de-las-fobias-especificas-criterios-diagnosticos-segun-las-clasificaciones-internacionales\\\/\"},\"author\":{\"name\":\"Administrador\",\"@id\":\"https:\\\/\\\/clinicadeansiedad.com\\\/ca\\\/#\\\/schema\\\/person\\\/b3cdcb35d45b0b722091daeae11d1e6d\"},\"headline\":\"Els s\u00edmptomes de les f\u00f2bies espec\u00edfiques: Els criteris diagn\u00f2stics d\u2019acord amb les classificacions internacionals\",\"datePublished\":\"2015-09-23T01:39:04+00:00\",\"dateModified\":\"2026-01-30T09:18:19+00:00\",\"mainEntityOfPage\":{\"@id\":\"https:\\\/\\\/clinicadeansiedad.com\\\/ca\\\/problemes\\\/fobias-especificas\\\/sintomas-de-las-fobias-especificas-criterios-diagnosticos-segun-las-clasificaciones-internacionales\\\/\"},\"wordCount\":669,\"publisher\":{\"@id\":\"https:\\\/\\\/clinicadeansiedad.com\\\/ca\\\/#organization\"},\"image\":{\"@id\":\"https:\\\/\\\/clinicadeansiedad.com\\\/ca\\\/problemes\\\/fobias-especificas\\\/sintomas-de-las-fobias-especificas-criterios-diagnosticos-segun-las-clasificaciones-internacionales\\\/#primaryimage\"},\"thumbnailUrl\":\"https:\\\/\\\/clinicadeansiedad.com\\\/wp-content\\\/uploads\\\/2015\\\/09\\\/Como-te-afecta.gif\",\"articleSection\":[\"F\u00f3bies espec\u00edfiques\"],\"inLanguage\":\"ca\"},{\"@type\":\"WebPage\",\"@id\":\"https:\\\/\\\/clinicadeansiedad.com\\\/ca\\\/problemes\\\/fobias-especificas\\\/sintomas-de-las-fobias-especificas-criterios-diagnosticos-segun-las-clasificaciones-internacionales\\\/\",\"url\":\"https:\\\/\\\/clinicadeansiedad.com\\\/ca\\\/problemes\\\/fobias-especificas\\\/sintomas-de-las-fobias-especificas-criterios-diagnosticos-segun-las-clasificaciones-internacionales\\\/\",\"name\":\"Els s\u00edmptomes de les f\u00f2bies espec\u00edfiques: Els criteris diagn\u00f2stics d\u2019acord amb les classificacions internacionals - Cl\u00ednica de la Ansiedad\",\"isPartOf\":{\"@id\":\"https:\\\/\\\/clinicadeansiedad.com\\\/ca\\\/#website\"},\"primaryImageOfPage\":{\"@id\":\"https:\\\/\\\/clinicadeansiedad.com\\\/ca\\\/problemes\\\/fobias-especificas\\\/sintomas-de-las-fobias-especificas-criterios-diagnosticos-segun-las-clasificaciones-internacionales\\\/#primaryimage\"},\"image\":{\"@id\":\"https:\\\/\\\/clinicadeansiedad.com\\\/ca\\\/problemes\\\/fobias-especificas\\\/sintomas-de-las-fobias-especificas-criterios-diagnosticos-segun-las-clasificaciones-internacionales\\\/#primaryimage\"},\"thumbnailUrl\":\"https:\\\/\\\/clinicadeansiedad.com\\\/wp-content\\\/uploads\\\/2015\\\/09\\\/Como-te-afecta.gif\",\"datePublished\":\"2015-09-23T01:39:04+00:00\",\"dateModified\":\"2026-01-30T09:18:19+00:00\",\"breadcrumb\":{\"@id\":\"https:\\\/\\\/clinicadeansiedad.com\\\/ca\\\/problemes\\\/fobias-especificas\\\/sintomas-de-las-fobias-especificas-criterios-diagnosticos-segun-las-clasificaciones-internacionales\\\/#breadcrumb\"},\"inLanguage\":\"ca\",\"potentialAction\":[{\"@type\":\"ReadAction\",\"target\":[\"https:\\\/\\\/clinicadeansiedad.com\\\/ca\\\/problemes\\\/fobias-especificas\\\/sintomas-de-las-fobias-especificas-criterios-diagnosticos-segun-las-clasificaciones-internacionales\\\/\"]}]},{\"@type\":\"ImageObject\",\"inLanguage\":\"ca\",\"@id\":\"https:\\\/\\\/clinicadeansiedad.com\\\/ca\\\/problemes\\\/fobias-especificas\\\/sintomas-de-las-fobias-especificas-criterios-diagnosticos-segun-las-clasificaciones-internacionales\\\/#primaryimage\",\"url\":\"https:\\\/\\\/clinicadeansiedad.com\\\/wp-content\\\/uploads\\\/2015\\\/09\\\/Como-te-afecta.gif\",\"contentUrl\":\"https:\\\/\\\/clinicadeansiedad.com\\\/wp-content\\\/uploads\\\/2015\\\/09\\\/Como-te-afecta.gif\",\"width\":900,\"height\":380},{\"@type\":\"BreadcrumbList\",\"@id\":\"https:\\\/\\\/clinicadeansiedad.com\\\/ca\\\/problemes\\\/fobias-especificas\\\/sintomas-de-las-fobias-especificas-criterios-diagnosticos-segun-las-clasificaciones-internacionales\\\/#breadcrumb\",\"itemListElement\":[{\"@type\":\"ListItem\",\"position\":1,\"name\":\"Portada\",\"item\":\"https:\\\/\\\/clinicadeansiedad.com\\\/ca\\\/\"},{\"@type\":\"ListItem\",\"position\":2,\"name\":\"Els s\u00edmptomes de les f\u00f2bies espec\u00edfiques: Els criteris diagn\u00f2stics d\u2019acord amb les classificacions internacionals\"}]},{\"@type\":\"WebSite\",\"@id\":\"https:\\\/\\\/clinicadeansiedad.com\\\/ca\\\/#website\",\"url\":\"https:\\\/\\\/clinicadeansiedad.com\\\/ca\\\/\",\"name\":\"Cl\u00ednica de la Ansiedad\",\"description\":\"\",\"publisher\":{\"@id\":\"https:\\\/\\\/clinicadeansiedad.com\\\/ca\\\/#organization\"},\"potentialAction\":[{\"@type\":\"SearchAction\",\"target\":{\"@type\":\"EntryPoint\",\"urlTemplate\":\"https:\\\/\\\/clinicadeansiedad.com\\\/ca\\\/?s={search_term_string}\"},\"query-input\":{\"@type\":\"PropertyValueSpecification\",\"valueRequired\":true,\"valueName\":\"search_term_string\"}}],\"inLanguage\":\"ca\"},{\"@type\":\"Organization\",\"@id\":\"https:\\\/\\\/clinicadeansiedad.com\\\/ca\\\/#organization\",\"name\":\"Cl\u00ednica de la Ansiedad\",\"url\":\"https:\\\/\\\/clinicadeansiedad.com\\\/ca\\\/\",\"logo\":{\"@type\":\"ImageObject\",\"inLanguage\":\"ca\",\"@id\":\"https:\\\/\\\/clinicadeansiedad.com\\\/ca\\\/#\\\/schema\\\/logo\\\/image\\\/\",\"url\":\"https:\\\/\\\/clinicadeansiedad.com\\\/wp-content\\\/uploads\\\/2020\\\/12\\\/cropped-logo_app-1-scaled-1.jpg\",\"contentUrl\":\"https:\\\/\\\/clinicadeansiedad.com\\\/wp-content\\\/uploads\\\/2020\\\/12\\\/cropped-logo_app-1-scaled-1.jpg\",\"width\":2555,\"height\":1923,\"caption\":\"Cl\u00ednica de la Ansiedad\"},\"image\":{\"@id\":\"https:\\\/\\\/clinicadeansiedad.com\\\/ca\\\/#\\\/schema\\\/logo\\\/image\\\/\"}},{\"@type\":\"Person\",\"@id\":\"https:\\\/\\\/clinicadeansiedad.com\\\/ca\\\/#\\\/schema\\\/person\\\/b3cdcb35d45b0b722091daeae11d1e6d\",\"name\":\"Administrador\",\"image\":{\"@type\":\"ImageObject\",\"inLanguage\":\"ca\",\"@id\":\"https:\\\/\\\/secure.gravatar.com\\\/avatar\\\/7db0f1e0a7444e53f0d742f084b00f81f08ec36a092facb1f0d776e894c1d5c4?s=96&d=mm&r=g\",\"url\":\"https:\\\/\\\/secure.gravatar.com\\\/avatar\\\/7db0f1e0a7444e53f0d742f084b00f81f08ec36a092facb1f0d776e894c1d5c4?s=96&d=mm&r=g\",\"contentUrl\":\"https:\\\/\\\/secure.gravatar.com\\\/avatar\\\/7db0f1e0a7444e53f0d742f084b00f81f08ec36a092facb1f0d776e894c1d5c4?s=96&d=mm&r=g\",\"caption\":\"Administrador\"},\"url\":\"https:\\\/\\\/clinicadeansiedad.com\\\/ca\\\/author\\\/clinica-2\\\/\"}]}<\/script>\n<!-- \/ Yoast SEO plugin. -->","yoast_head_json":{"title":"Els s\u00edmptomes de les f\u00f2bies espec\u00edfiques: Els criteris diagn\u00f2stics d\u2019acord amb les classificacions internacionals - Cl\u00ednica de la Ansiedad","robots":{"index":"index","follow":"follow","max-snippet":"max-snippet:-1","max-image-preview":"max-image-preview:large","max-video-preview":"max-video-preview:-1"},"canonical":"https:\/\/clinicadeansiedad.com\/ca\/problemes\/fobias-especificas\/sintomas-de-las-fobias-especificas-criterios-diagnosticos-segun-las-clasificaciones-internacionales\/","og_locale":"ca_ES","og_type":"article","og_title":"Els s\u00edmptomes de les f\u00f2bies espec\u00edfiques: Els criteris diagn\u00f2stics d\u2019acord amb les classificacions internacionals - Cl\u00ednica de la Ansiedad","og_description":"Les f\u00f2bies espec\u00edfiques s\u00f3n pors restringides, que nom\u00e9s s\u2019activen a causa de situacions o d\u2019objectes molt concrets, com la proximitat de determinats animals, les altures, la foscor, viatjar amb avi\u00f3, els espais tancats, la visi\u00f3 de la sang o el possible contagi de determinades malalties.[:]","og_url":"https:\/\/clinicadeansiedad.com\/ca\/problemes\/fobias-especificas\/sintomas-de-las-fobias-especificas-criterios-diagnosticos-segun-las-clasificaciones-internacionales\/","og_site_name":"Cl\u00ednica de la Ansiedad","article_published_time":"2015-09-23T01:39:04+00:00","article_modified_time":"2026-01-30T09:18:19+00:00","og_image":[{"width":900,"height":380,"url":"https:\/\/clinicadeansiedad.com\/wp-content\/uploads\/2015\/09\/Como-te-afecta.gif","type":"image\/gif"}],"author":"Administrador","twitter_card":"summary_large_image","twitter_misc":{"Escrit per":"Administrador","Temps estimat de lectura":"3 minuts"},"schema":{"@context":"https:\/\/schema.org","@graph":[{"@type":"Article","@id":"https:\/\/clinicadeansiedad.com\/ca\/problemes\/fobias-especificas\/sintomas-de-las-fobias-especificas-criterios-diagnosticos-segun-las-clasificaciones-internacionales\/#article","isPartOf":{"@id":"https:\/\/clinicadeansiedad.com\/ca\/problemes\/fobias-especificas\/sintomas-de-las-fobias-especificas-criterios-diagnosticos-segun-las-clasificaciones-internacionales\/"},"author":{"name":"Administrador","@id":"https:\/\/clinicadeansiedad.com\/ca\/#\/schema\/person\/b3cdcb35d45b0b722091daeae11d1e6d"},"headline":"Els s\u00edmptomes de les f\u00f2bies espec\u00edfiques: Els criteris diagn\u00f2stics d\u2019acord amb les classificacions internacionals","datePublished":"2015-09-23T01:39:04+00:00","dateModified":"2026-01-30T09:18:19+00:00","mainEntityOfPage":{"@id":"https:\/\/clinicadeansiedad.com\/ca\/problemes\/fobias-especificas\/sintomas-de-las-fobias-especificas-criterios-diagnosticos-segun-las-clasificaciones-internacionales\/"},"wordCount":669,"publisher":{"@id":"https:\/\/clinicadeansiedad.com\/ca\/#organization"},"image":{"@id":"https:\/\/clinicadeansiedad.com\/ca\/problemes\/fobias-especificas\/sintomas-de-las-fobias-especificas-criterios-diagnosticos-segun-las-clasificaciones-internacionales\/#primaryimage"},"thumbnailUrl":"https:\/\/clinicadeansiedad.com\/wp-content\/uploads\/2015\/09\/Como-te-afecta.gif","articleSection":["F\u00f3bies espec\u00edfiques"],"inLanguage":"ca"},{"@type":"WebPage","@id":"https:\/\/clinicadeansiedad.com\/ca\/problemes\/fobias-especificas\/sintomas-de-las-fobias-especificas-criterios-diagnosticos-segun-las-clasificaciones-internacionales\/","url":"https:\/\/clinicadeansiedad.com\/ca\/problemes\/fobias-especificas\/sintomas-de-las-fobias-especificas-criterios-diagnosticos-segun-las-clasificaciones-internacionales\/","name":"Els s\u00edmptomes de les f\u00f2bies espec\u00edfiques: Els criteris diagn\u00f2stics d\u2019acord amb les classificacions internacionals - Cl\u00ednica de la Ansiedad","isPartOf":{"@id":"https:\/\/clinicadeansiedad.com\/ca\/#website"},"primaryImageOfPage":{"@id":"https:\/\/clinicadeansiedad.com\/ca\/problemes\/fobias-especificas\/sintomas-de-las-fobias-especificas-criterios-diagnosticos-segun-las-clasificaciones-internacionales\/#primaryimage"},"image":{"@id":"https:\/\/clinicadeansiedad.com\/ca\/problemes\/fobias-especificas\/sintomas-de-las-fobias-especificas-criterios-diagnosticos-segun-las-clasificaciones-internacionales\/#primaryimage"},"thumbnailUrl":"https:\/\/clinicadeansiedad.com\/wp-content\/uploads\/2015\/09\/Como-te-afecta.gif","datePublished":"2015-09-23T01:39:04+00:00","dateModified":"2026-01-30T09:18:19+00:00","breadcrumb":{"@id":"https:\/\/clinicadeansiedad.com\/ca\/problemes\/fobias-especificas\/sintomas-de-las-fobias-especificas-criterios-diagnosticos-segun-las-clasificaciones-internacionales\/#breadcrumb"},"inLanguage":"ca","potentialAction":[{"@type":"ReadAction","target":["https:\/\/clinicadeansiedad.com\/ca\/problemes\/fobias-especificas\/sintomas-de-las-fobias-especificas-criterios-diagnosticos-segun-las-clasificaciones-internacionales\/"]}]},{"@type":"ImageObject","inLanguage":"ca","@id":"https:\/\/clinicadeansiedad.com\/ca\/problemes\/fobias-especificas\/sintomas-de-las-fobias-especificas-criterios-diagnosticos-segun-las-clasificaciones-internacionales\/#primaryimage","url":"https:\/\/clinicadeansiedad.com\/wp-content\/uploads\/2015\/09\/Como-te-afecta.gif","contentUrl":"https:\/\/clinicadeansiedad.com\/wp-content\/uploads\/2015\/09\/Como-te-afecta.gif","width":900,"height":380},{"@type":"BreadcrumbList","@id":"https:\/\/clinicadeansiedad.com\/ca\/problemes\/fobias-especificas\/sintomas-de-las-fobias-especificas-criterios-diagnosticos-segun-las-clasificaciones-internacionales\/#breadcrumb","itemListElement":[{"@type":"ListItem","position":1,"name":"Portada","item":"https:\/\/clinicadeansiedad.com\/ca\/"},{"@type":"ListItem","position":2,"name":"Els s\u00edmptomes de les f\u00f2bies espec\u00edfiques: Els criteris diagn\u00f2stics d\u2019acord amb les classificacions internacionals"}]},{"@type":"WebSite","@id":"https:\/\/clinicadeansiedad.com\/ca\/#website","url":"https:\/\/clinicadeansiedad.com\/ca\/","name":"Cl\u00ednica de la Ansiedad","description":"","publisher":{"@id":"https:\/\/clinicadeansiedad.com\/ca\/#organization"},"potentialAction":[{"@type":"SearchAction","target":{"@type":"EntryPoint","urlTemplate":"https:\/\/clinicadeansiedad.com\/ca\/?s={search_term_string}"},"query-input":{"@type":"PropertyValueSpecification","valueRequired":true,"valueName":"search_term_string"}}],"inLanguage":"ca"},{"@type":"Organization","@id":"https:\/\/clinicadeansiedad.com\/ca\/#organization","name":"Cl\u00ednica de la Ansiedad","url":"https:\/\/clinicadeansiedad.com\/ca\/","logo":{"@type":"ImageObject","inLanguage":"ca","@id":"https:\/\/clinicadeansiedad.com\/ca\/#\/schema\/logo\/image\/","url":"https:\/\/clinicadeansiedad.com\/wp-content\/uploads\/2020\/12\/cropped-logo_app-1-scaled-1.jpg","contentUrl":"https:\/\/clinicadeansiedad.com\/wp-content\/uploads\/2020\/12\/cropped-logo_app-1-scaled-1.jpg","width":2555,"height":1923,"caption":"Cl\u00ednica de la Ansiedad"},"image":{"@id":"https:\/\/clinicadeansiedad.com\/ca\/#\/schema\/logo\/image\/"}},{"@type":"Person","@id":"https:\/\/clinicadeansiedad.com\/ca\/#\/schema\/person\/b3cdcb35d45b0b722091daeae11d1e6d","name":"Administrador","image":{"@type":"ImageObject","inLanguage":"ca","@id":"https:\/\/secure.gravatar.com\/avatar\/7db0f1e0a7444e53f0d742f084b00f81f08ec36a092facb1f0d776e894c1d5c4?s=96&d=mm&r=g","url":"https:\/\/secure.gravatar.com\/avatar\/7db0f1e0a7444e53f0d742f084b00f81f08ec36a092facb1f0d776e894c1d5c4?s=96&d=mm&r=g","contentUrl":"https:\/\/secure.gravatar.com\/avatar\/7db0f1e0a7444e53f0d742f084b00f81f08ec36a092facb1f0d776e894c1d5c4?s=96&d=mm&r=g","caption":"Administrador"},"url":"https:\/\/clinicadeansiedad.com\/ca\/author\/clinica-2\/"}]}},"featured_image_src":"https:\/\/clinicadeansiedad.com\/wp-content\/uploads\/2015\/09\/Como-te-afecta.gif","featured_image_src_square":"https:\/\/clinicadeansiedad.com\/wp-content\/uploads\/2015\/09\/Como-te-afecta.gif","author_info":{"display_name":"Administrador","author_link":"https:\/\/clinicadeansiedad.com\/ca\/author\/clinica-2\/"},"category_info":"<a href=\"https:\/\/clinicadeansiedad.com\/ca\/problemes\/fobias-especificas\/\" rel=\"category tag\">F\u00f3bies espec\u00edfiques<\/a>","tags_info":"","social_share_info":"<a data-share=\"facebook\" href=\"https:\/\/www.facebook.com\/sharer.php?u=https:\/\/clinicadeansiedad.com\/ca\/problemes\/fobias-especificas\/sintomas-de-las-fobias-especificas-criterios-diagnosticos-segun-las-clasificaciones-internacionales\/\" class=\"pl-facebook-share social-share-default pl-social-share\" target=\"_blank\"><i class=\"fab fa-facebook-f\" aria-hidden=\"true\"><\/i><\/a><a data-share=\"twitter\" href=\"https:\/\/twitter.com\/share?url=https:\/\/clinicadeansiedad.com\/ca\/problemes\/fobias-especificas\/sintomas-de-las-fobias-especificas-criterios-diagnosticos-segun-las-clasificaciones-internacionales\/\" class=\"pl-twiiter-share social-share-default pl-social-share\" target=\"_blank\"><i class=\"fab fa-twitter\" aria-hidden=\"true\"><\/i><\/a><a data-share=\"linkedin\" href=\"https:\/\/www.linkedin.com\/shareArticle?url=https:\/\/clinicadeansiedad.com\/ca\/problemes\/fobias-especificas\/sintomas-de-las-fobias-especificas-criterios-diagnosticos-segun-las-clasificaciones-internacionales\/\" class=\"pl-linkedin-share social-share-default pl-social-share\" target=\"_blank\"><i class=\"fab fa-linkedin-in\" aria-hidden=\"true\"><\/i><\/a>","wordExcerpt_info":"<p>Les f\u00f2bies espec\u00edfiques s\u00f3n pors restringides, que nom\u00e9s s\u2019activen a causa de situacions o d\u2019objectes molt concrets, com la proximitat de determinats animals, les altures, la foscor, viatjar amb avi\u00f3, els espais tancats, la visi\u00f3 de la sang o el possible contagi de determinades malalties.[:]<\/p>\n","comment_info":"No Comments","_links":{"self":[{"href":"https:\/\/clinicadeansiedad.com\/ca\/wp-json\/wp\/v2\/posts\/57666","targetHints":{"allow":["GET"]}}],"collection":[{"href":"https:\/\/clinicadeansiedad.com\/ca\/wp-json\/wp\/v2\/posts"}],"about":[{"href":"https:\/\/clinicadeansiedad.com\/ca\/wp-json\/wp\/v2\/types\/post"}],"author":[{"embeddable":true,"href":"https:\/\/clinicadeansiedad.com\/ca\/wp-json\/wp\/v2\/users\/3439"}],"replies":[{"embeddable":true,"href":"https:\/\/clinicadeansiedad.com\/ca\/wp-json\/wp\/v2\/comments?post=57666"}],"version-history":[{"count":3,"href":"https:\/\/clinicadeansiedad.com\/ca\/wp-json\/wp\/v2\/posts\/57666\/revisions"}],"predecessor-version":[{"id":69045,"href":"https:\/\/clinicadeansiedad.com\/ca\/wp-json\/wp\/v2\/posts\/57666\/revisions\/69045"}],"wp:featuredmedia":[{"embeddable":true,"href":"https:\/\/clinicadeansiedad.com\/ca\/wp-json\/wp\/v2\/media\/59646"}],"wp:attachment":[{"href":"https:\/\/clinicadeansiedad.com\/ca\/wp-json\/wp\/v2\/media?parent=57666"}],"wp:term":[{"taxonomy":"category","embeddable":true,"href":"https:\/\/clinicadeansiedad.com\/ca\/wp-json\/wp\/v2\/categories?post=57666"},{"taxonomy":"post_tag","embeddable":true,"href":"https:\/\/clinicadeansiedad.com\/ca\/wp-json\/wp\/v2\/tags?post=57666"}],"curies":[{"name":"wp","href":"https:\/\/api.w.org\/{rel}","templated":true}]}}