{"id":57093,"date":"2015-09-24T06:06:07","date_gmt":"2015-09-24T06:06:07","guid":{"rendered":"https:\/\/clinicadeansiedad.com\/uncategorized-ca\/fobia-social-evaluacion-y-tratamiento\/"},"modified":"2024-02-19T12:56:35","modified_gmt":"2024-02-19T12:56:35","slug":"fobia-social-evaluacion-y-tratamiento","status":"publish","type":"post","link":"https:\/\/clinicadeansiedad.com\/ca\/solucions-i-recursos\/libros-de-la-clinica-de-la-ansiedad\/fobia-social-evaluacion-y-tratamiento\/","title":{"rendered":"Fobia Social: Evaluaci\u00f3n y tratamiento (text en castell\u00e0)"},"content":{"rendered":"<p style=\"text-align: left;\"><span class=\"tit_azul\"><strong>Referencia<\/strong><\/span><\/p>\n<p>T\u00edtulo: <span class=\"color_azul\">FOBIA SOCIAL: EVALUACI\u00d3N Y TRATAMIENTO<\/span><br \/>\nAutor: <span class=\"color_azul\">C\u00e9sar Antona Casas.<\/span><br \/>\nP\u00e1ginas: 318.<br \/>\nEditorial: <span class=\"color_azul\">Trillas<\/span>. M\u00e9xico, 2009.<\/p>\n<p><span class=\"tit_azul\"><strong>Sobre el autor<\/strong><\/span><\/p>\n<p>C\u00e9sar Jes\u00fas Antona Casas es <strong><span class=\"color_azul\">doctor en Psicolog\u00eda<\/span> <\/strong>por la Universidad Pontificia de Salamanca. Ha de completado su formaci\u00f3n en tres universidades m\u00e1s: la Universidad de&nbsp;Salamanca, y en las Universidades de Maryland y Boston, invitado por prestigiosos profesionales en el estudio de los trastornos de ansiedad en general y de la fobia social en particular.<\/p>\n<p>Ha desempe\u00f1ado <strong><span class=\"color_azul\">tareas docentes<\/span> <\/strong>en la Universidad Pontificia de&nbsp;Salamanca y como profesor e investigador en la Universidad&nbsp;Aut\u00f3noma de Nuevo Le\u00f3n (M\u00e9xico). Paralelamente a su desempe\u00f1o docente, ha trabajado como <span class=\"color_azul\">terapeuta y formador de terapeutas<\/span> en la evaluaci\u00f3n y tratamiento de trastornos de ansiedad.<\/p>\n<p><span class=\"color_azul\">Ha publicado art\u00edculos en revistas especializadas<\/span> tales como&nbsp;An\u00e1lisis y Modificaci\u00f3n de Conducta, Psicolog\u00eda Conductual, Revista Latinoamericana de Psicolog\u00eda y Ansiedad y Estr\u00e9s, y ha participado como ponente en numerosos congresos nacionales e internacionales.<\/p>\n<p>En la actualidad forma parte del equipo de <strong><span class=\"color_azul\">Cl\u00ednica de la Ansiedad y es profesor de la UNED.<\/span><\/strong><\/p>\n<p><span class=\"tit_azul\"><strong>Contenidos<\/strong><\/span><\/p>\n<p><strong><span class=\"color_azul\">CAP\u00cdTULO 1. ENMARCANDO LA FOBIA SOCIAL<\/span><\/strong><\/p>\n<p>Introducci\u00f3n<br \/>\n1.Evoluci\u00f3n hist\u00f3rica y definici\u00f3n del t\u00e9rmino \u201cfobia&#8221;<br \/>\n2. \u00bfQu\u00e9 es la fobia social o el trastorno de ansiedad social? surgimiento y evoluci\u00f3n<br \/>\n3.Fobia social y los sistemas nosol\u00f3gicos DSM y CIE<br \/>\n4.Diagn\u00f3stico diferencial entre la fobia social y los siguientes trastornos:<br \/>\n4.1. Trastorno de angustia con agorafobia<br \/>\n4.2. Agorafobia sin historia de trastorno de angustia<br \/>\n4.3. Trastorno de ansiedad por separaci\u00f3n<br \/>\n4.4. Trastorno de ansiedad generalizada y fobia simple<br \/>\n4.5. Trastorno generalizado del desarrollo y trastorno esquizoide de la personalidad<br \/>\n4.6. Trastorno de personalidad por evitaci\u00f3n<br \/>\n4.7. Trastornos con una gran carga de ansiedad (p.ej., trastorno depresivo mayor, trastorno dist\u00edmico, esquizofrenia o el trastorno dism\u00f3rfico corporal)<br \/>\n4.8. Trastorno de ansiedad no especificado<br \/>\n4.9. La timidez<br \/>\n4.10. Diagn\u00f3stico diferencial de la fobia social respecto a otros trastornos<br \/>\n5. Principales caracter\u00edsticas, s\u00edntomas y \/ o manifestaciones a nivel cognitivo, fisiol\u00f3gico y motor<br \/>\n6. Miedos y situaciones sociales t\u00edpicamente temidas<br \/>\n7. Subtipos de la fobia social<br \/>\n8. Curso, pron\u00f3stico, remisi\u00f3n y prevenci\u00f3n de la fobia social<br \/>\n9. Comorbilidad de la fobia social<\/p>\n<p><strong><span class=\"color_azul\">CAP\u00cdTULO 2. EPIDEMIOLOG\u00cdA DE LA FOBIA SOCIAL <\/span><\/strong><\/p>\n<p>Introducci\u00f3n<br \/>\n1. Estudios anteriores a la aparici\u00f3n de los sistemas DSM y CIE<br \/>\n2. El sistema nosol\u00f3gico DSM<br \/>\n3. Criterios diagn\u00f3sticos CIE-10<br \/>\n4. Conclusiones generales<br \/>\n5. Caracter\u00edsticas demogr\u00e1ficas de la fobia social<br \/>\n6. Prevalencia de la fobia social en personas emparentadas gen\u00e9tica y ambientalmente<\/p>\n<p><strong><span class=\"color_azul\">CAP\u00cdTULO 3. ETIOLOG\u00cdA Y MANTENIMIENTO DE LA FOBIA SOCIAL<\/span> <\/strong><\/p>\n<p style=\"text-align: left;\">Introducci\u00f3n<br \/>\n1. Factores o caracter\u00edsticas predisponentes<br \/>\n2. Factores explicativos del origen y mantenimiento de la fobia social<br \/>\n3. Modelos explicativos de la fobia social<\/p>\n<p><strong><span class=\"color_azul\">CAP\u00cdTULO 4. EVALUACI\u00d3N DE LA FOBIA SOCIAL<\/span> <\/strong><\/p>\n<p>Introducci\u00f3n<br \/>\n1. Entrevistas<br \/>\n2. Cuestionarios<br \/>\n3. Autorregistros<br \/>\n4. Tareas conductuales y Tests de observaci\u00f3n 205<br \/>\n5. Medidas psicofisiol\u00f3gicas 210<br \/>\n6. \u00cdndices compuestos que eval\u00faan el cambio terap\u00e9utico en la fobia social<br \/>\n7. Evaluaci\u00f3n cognitiva de la fobia social<\/p>\n<p><strong><span class=\"color_azul\">CAP\u00cdTULO 5. TRATAMIENTO DE LA FOBIA SOCIAL<\/span><\/strong><\/p>\n<p>Introducci\u00f3n<br \/>\n1. T\u00e9cnicas de exposici\u00f3n<br \/>\n2. T\u00e9cnicas cognitivas<br \/>\n4. Di\u00e1logo interno y autoinstrucciones.<br \/>\n5. Principales estudios que emplearon t\u00e9cnicas cognitivas<br \/>\n6. Combinaci\u00f3n y efectos de las t\u00e9cnicas cognitivas sobre la exposici\u00f3n<br \/>\n7. Entrenamiento en habilidades sociales<br \/>\n8. T\u00e9cnicas de control de la activaci\u00f3n: Relajaci\u00f3n y Respiraci\u00f3n<\/p>\n<p><strong><span class=\"color_azul\">Referencias bibliogr\u00e1ficas<\/span><\/strong><\/p>\n<p><span class=\"tit_azul\"><strong>Destinatarios del libro<\/strong><\/span><\/p>\n<p>En este libro se define y caracteriza la fobia social desde su&nbsp;reconocimiento e inclusi\u00f3n en los principales sistemas nosol\u00f3gicos, se revisan exhaustivamente los instrumentos de evaluaci\u00f3n y los principales tratamientos empleados entre los que destacan la exposici\u00f3n, reestructuraci\u00f3n cognitiva, habilidades sociales y las t\u00e9cnicas de desactivaci\u00f3n.<\/p>\n<p>Constituye una obra muy relevante para<strong><span class=\"color_azul\"> estudiantes de psicolog\u00eda, terapeutas e investigadores<\/span><\/strong>. Puede ser \u00fatil para todos aquellos que desean comprender y afrontar mejor sus temores sociales, particularmente las <span class=\"color_azul\">personas con ansiedad social o sus familiares, si bien es un libro t\u00e9cnico y no de autoayuda.<\/span><\/p>\n<p><span class=\"tit_azul\"><strong>M\u00e1s informaci\u00f3n y pedidos<\/strong><\/span><\/p>\n<p><span class=\"enlace_azul\"><a href=\"mailto:Mercadotecnia_trillas@prodigy.net.mx\">Mercadotecnia_trillas<\/a><\/span><\/p>\n","protected":false},"excerpt":{"rendered":"<p>Fobia Social: Evaluaci\u00f3n y tratamiento ens un libro de C\u00e9sar Antona Casas, Doctor en Psicolog\u00eda y miembro del equipo de Cl\u00ednica de la Ansiedad.<\/p>\n","protected":false},"author":3439,"featured_media":57095,"comment_status":"closed","ping_status":"closed","sticky":false,"template":"","format":"standard","meta":{"_bbp_topic_count":0,"_bbp_reply_count":0,"_bbp_total_topic_count":0,"_bbp_total_reply_count":0,"_bbp_voice_count":0,"_bbp_anonymous_reply_count":0,"_bbp_topic_count_hidden":0,"_bbp_reply_count_hidden":0,"_bbp_forum_subforum_count":0,"_joinchat":[],"footnotes":""},"categories":[121],"tags":[],"class_list":["post-57093","post","type-post","status-publish","format-standard","has-post-thumbnail","hentry","category-libros-de-la-clinica-de-la-ansiedad"],"yoast_head":"<!-- This site is optimized with the Yoast SEO plugin v27.5 - https:\/\/yoast.com\/product\/yoast-seo-wordpress\/ -->\n<title>Fobia Social: Evaluaci\u00f3n y tratamiento (text en castell\u00e0) - Cl\u00ednica de la Ansiedad<\/title>\n<meta name=\"robots\" content=\"index, follow, max-snippet:-1, max-image-preview:large, max-video-preview:-1\" \/>\n<link rel=\"canonical\" href=\"https:\/\/clinicadeansiedad.com\/ca\/solucions-i-recursos\/libros-de-la-clinica-de-la-ansiedad\/fobia-social-evaluacion-y-tratamiento\/\" \/>\n<meta property=\"og:locale\" content=\"ca_ES\" \/>\n<meta property=\"og:type\" content=\"article\" \/>\n<meta property=\"og:title\" content=\"Fobia Social: Evaluaci\u00f3n y tratamiento (text en castell\u00e0) - Cl\u00ednica de la Ansiedad\" \/>\n<meta property=\"og:description\" content=\"Fobia Social: Evaluaci\u00f3n y tratamiento ens un libro de C\u00e9sar Antona Casas, Doctor en Psicolog\u00eda y miembro del equipo de Cl\u00ednica de la Ansiedad.\" \/>\n<meta property=\"og:url\" content=\"https:\/\/clinicadeansiedad.com\/ca\/solucions-i-recursos\/libros-de-la-clinica-de-la-ansiedad\/fobia-social-evaluacion-y-tratamiento\/\" \/>\n<meta property=\"og:site_name\" content=\"Cl\u00ednica de la Ansiedad\" \/>\n<meta property=\"article:published_time\" content=\"2015-09-24T06:06:07+00:00\" \/>\n<meta property=\"article:modified_time\" content=\"2024-02-19T12:56:35+00:00\" \/>\n<meta property=\"og:image\" content=\"https:\/\/clinicadeansiedad.com\/wp-content\/uploads\/2015\/09\/libro-3.png\" \/>\n\t<meta property=\"og:image:width\" content=\"390\" \/>\n\t<meta property=\"og:image:height\" content=\"536\" \/>\n\t<meta property=\"og:image:type\" content=\"image\/png\" \/>\n<meta name=\"author\" content=\"Administrador\" \/>\n<meta name=\"twitter:card\" content=\"summary_large_image\" \/>\n<meta name=\"twitter:label1\" content=\"Escrit per\" \/>\n\t<meta name=\"twitter:data1\" content=\"Administrador\" \/>\n\t<meta name=\"twitter:label2\" content=\"Temps estimat de lectura\" \/>\n\t<meta name=\"twitter:data2\" content=\"3 minuts\" \/>\n<script type=\"application\/ld+json\" class=\"yoast-schema-graph\">{\"@context\":\"https:\\\/\\\/schema.org\",\"@graph\":[{\"@type\":\"Article\",\"@id\":\"https:\\\/\\\/clinicadeansiedad.com\\\/ca\\\/solucions-i-recursos\\\/libros-de-la-clinica-de-la-ansiedad\\\/fobia-social-evaluacion-y-tratamiento\\\/#article\",\"isPartOf\":{\"@id\":\"https:\\\/\\\/clinicadeansiedad.com\\\/ca\\\/solucions-i-recursos\\\/libros-de-la-clinica-de-la-ansiedad\\\/fobia-social-evaluacion-y-tratamiento\\\/\"},\"author\":{\"name\":\"Administrador\",\"@id\":\"https:\\\/\\\/clinicadeansiedad.com\\\/ca\\\/#\\\/schema\\\/person\\\/b3cdcb35d45b0b722091daeae11d1e6d\"},\"headline\":\"Fobia Social: Evaluaci\u00f3n y tratamiento (text en castell\u00e0)\",\"datePublished\":\"2015-09-24T06:06:07+00:00\",\"dateModified\":\"2024-02-19T12:56:35+00:00\",\"mainEntityOfPage\":{\"@id\":\"https:\\\/\\\/clinicadeansiedad.com\\\/ca\\\/solucions-i-recursos\\\/libros-de-la-clinica-de-la-ansiedad\\\/fobia-social-evaluacion-y-tratamiento\\\/\"},\"wordCount\":693,\"publisher\":{\"@id\":\"https:\\\/\\\/clinicadeansiedad.com\\\/ca\\\/#organization\"},\"image\":{\"@id\":\"https:\\\/\\\/clinicadeansiedad.com\\\/ca\\\/solucions-i-recursos\\\/libros-de-la-clinica-de-la-ansiedad\\\/fobia-social-evaluacion-y-tratamiento\\\/#primaryimage\"},\"thumbnailUrl\":\"https:\\\/\\\/clinicadeansiedad.com\\\/wp-content\\\/uploads\\\/2015\\\/09\\\/libro-3.png\",\"articleSection\":[\"Llibres de la Cl\u00ednica de l\u2019Ansietat\"],\"inLanguage\":\"ca\"},{\"@type\":\"WebPage\",\"@id\":\"https:\\\/\\\/clinicadeansiedad.com\\\/ca\\\/solucions-i-recursos\\\/libros-de-la-clinica-de-la-ansiedad\\\/fobia-social-evaluacion-y-tratamiento\\\/\",\"url\":\"https:\\\/\\\/clinicadeansiedad.com\\\/ca\\\/solucions-i-recursos\\\/libros-de-la-clinica-de-la-ansiedad\\\/fobia-social-evaluacion-y-tratamiento\\\/\",\"name\":\"Fobia Social: Evaluaci\u00f3n y tratamiento (text en castell\u00e0) - Cl\u00ednica de la Ansiedad\",\"isPartOf\":{\"@id\":\"https:\\\/\\\/clinicadeansiedad.com\\\/ca\\\/#website\"},\"primaryImageOfPage\":{\"@id\":\"https:\\\/\\\/clinicadeansiedad.com\\\/ca\\\/solucions-i-recursos\\\/libros-de-la-clinica-de-la-ansiedad\\\/fobia-social-evaluacion-y-tratamiento\\\/#primaryimage\"},\"image\":{\"@id\":\"https:\\\/\\\/clinicadeansiedad.com\\\/ca\\\/solucions-i-recursos\\\/libros-de-la-clinica-de-la-ansiedad\\\/fobia-social-evaluacion-y-tratamiento\\\/#primaryimage\"},\"thumbnailUrl\":\"https:\\\/\\\/clinicadeansiedad.com\\\/wp-content\\\/uploads\\\/2015\\\/09\\\/libro-3.png\",\"datePublished\":\"2015-09-24T06:06:07+00:00\",\"dateModified\":\"2024-02-19T12:56:35+00:00\",\"breadcrumb\":{\"@id\":\"https:\\\/\\\/clinicadeansiedad.com\\\/ca\\\/solucions-i-recursos\\\/libros-de-la-clinica-de-la-ansiedad\\\/fobia-social-evaluacion-y-tratamiento\\\/#breadcrumb\"},\"inLanguage\":\"ca\",\"potentialAction\":[{\"@type\":\"ReadAction\",\"target\":[\"https:\\\/\\\/clinicadeansiedad.com\\\/ca\\\/solucions-i-recursos\\\/libros-de-la-clinica-de-la-ansiedad\\\/fobia-social-evaluacion-y-tratamiento\\\/\"]}]},{\"@type\":\"ImageObject\",\"inLanguage\":\"ca\",\"@id\":\"https:\\\/\\\/clinicadeansiedad.com\\\/ca\\\/solucions-i-recursos\\\/libros-de-la-clinica-de-la-ansiedad\\\/fobia-social-evaluacion-y-tratamiento\\\/#primaryimage\",\"url\":\"https:\\\/\\\/clinicadeansiedad.com\\\/wp-content\\\/uploads\\\/2015\\\/09\\\/libro-3.png\",\"contentUrl\":\"https:\\\/\\\/clinicadeansiedad.com\\\/wp-content\\\/uploads\\\/2015\\\/09\\\/libro-3.png\",\"width\":390,\"height\":536},{\"@type\":\"BreadcrumbList\",\"@id\":\"https:\\\/\\\/clinicadeansiedad.com\\\/ca\\\/solucions-i-recursos\\\/libros-de-la-clinica-de-la-ansiedad\\\/fobia-social-evaluacion-y-tratamiento\\\/#breadcrumb\",\"itemListElement\":[{\"@type\":\"ListItem\",\"position\":1,\"name\":\"Portada\",\"item\":\"https:\\\/\\\/clinicadeansiedad.com\\\/ca\\\/\"},{\"@type\":\"ListItem\",\"position\":2,\"name\":\"Fobia Social: Evaluaci\u00f3n y tratamiento (text en castell\u00e0)\"}]},{\"@type\":\"WebSite\",\"@id\":\"https:\\\/\\\/clinicadeansiedad.com\\\/ca\\\/#website\",\"url\":\"https:\\\/\\\/clinicadeansiedad.com\\\/ca\\\/\",\"name\":\"Cl\u00ednica de la Ansiedad\",\"description\":\"\",\"publisher\":{\"@id\":\"https:\\\/\\\/clinicadeansiedad.com\\\/ca\\\/#organization\"},\"potentialAction\":[{\"@type\":\"SearchAction\",\"target\":{\"@type\":\"EntryPoint\",\"urlTemplate\":\"https:\\\/\\\/clinicadeansiedad.com\\\/ca\\\/?s={search_term_string}\"},\"query-input\":{\"@type\":\"PropertyValueSpecification\",\"valueRequired\":true,\"valueName\":\"search_term_string\"}}],\"inLanguage\":\"ca\"},{\"@type\":\"Organization\",\"@id\":\"https:\\\/\\\/clinicadeansiedad.com\\\/ca\\\/#organization\",\"name\":\"Cl\u00ednica de la Ansiedad\",\"url\":\"https:\\\/\\\/clinicadeansiedad.com\\\/ca\\\/\",\"logo\":{\"@type\":\"ImageObject\",\"inLanguage\":\"ca\",\"@id\":\"https:\\\/\\\/clinicadeansiedad.com\\\/ca\\\/#\\\/schema\\\/logo\\\/image\\\/\",\"url\":\"https:\\\/\\\/clinicadeansiedad.com\\\/wp-content\\\/uploads\\\/2020\\\/12\\\/cropped-logo_app-1-scaled-1.jpg\",\"contentUrl\":\"https:\\\/\\\/clinicadeansiedad.com\\\/wp-content\\\/uploads\\\/2020\\\/12\\\/cropped-logo_app-1-scaled-1.jpg\",\"width\":2555,\"height\":1923,\"caption\":\"Cl\u00ednica de la Ansiedad\"},\"image\":{\"@id\":\"https:\\\/\\\/clinicadeansiedad.com\\\/ca\\\/#\\\/schema\\\/logo\\\/image\\\/\"}},{\"@type\":\"Person\",\"@id\":\"https:\\\/\\\/clinicadeansiedad.com\\\/ca\\\/#\\\/schema\\\/person\\\/b3cdcb35d45b0b722091daeae11d1e6d\",\"name\":\"Administrador\",\"image\":{\"@type\":\"ImageObject\",\"inLanguage\":\"ca\",\"@id\":\"https:\\\/\\\/secure.gravatar.com\\\/avatar\\\/7db0f1e0a7444e53f0d742f084b00f81f08ec36a092facb1f0d776e894c1d5c4?s=96&d=mm&r=g\",\"url\":\"https:\\\/\\\/secure.gravatar.com\\\/avatar\\\/7db0f1e0a7444e53f0d742f084b00f81f08ec36a092facb1f0d776e894c1d5c4?s=96&d=mm&r=g\",\"contentUrl\":\"https:\\\/\\\/secure.gravatar.com\\\/avatar\\\/7db0f1e0a7444e53f0d742f084b00f81f08ec36a092facb1f0d776e894c1d5c4?s=96&d=mm&r=g\",\"caption\":\"Administrador\"},\"url\":\"https:\\\/\\\/clinicadeansiedad.com\\\/ca\\\/author\\\/clinica-2\\\/\"}]}<\/script>\n<!-- \/ Yoast SEO plugin. -->","yoast_head_json":{"title":"Fobia Social: Evaluaci\u00f3n y tratamiento (text en castell\u00e0) - Cl\u00ednica de la Ansiedad","robots":{"index":"index","follow":"follow","max-snippet":"max-snippet:-1","max-image-preview":"max-image-preview:large","max-video-preview":"max-video-preview:-1"},"canonical":"https:\/\/clinicadeansiedad.com\/ca\/solucions-i-recursos\/libros-de-la-clinica-de-la-ansiedad\/fobia-social-evaluacion-y-tratamiento\/","og_locale":"ca_ES","og_type":"article","og_title":"Fobia Social: Evaluaci\u00f3n y tratamiento (text en castell\u00e0) - Cl\u00ednica de la Ansiedad","og_description":"Fobia Social: Evaluaci\u00f3n y tratamiento ens un libro de C\u00e9sar Antona Casas, Doctor en Psicolog\u00eda y miembro del equipo de Cl\u00ednica de la Ansiedad.","og_url":"https:\/\/clinicadeansiedad.com\/ca\/solucions-i-recursos\/libros-de-la-clinica-de-la-ansiedad\/fobia-social-evaluacion-y-tratamiento\/","og_site_name":"Cl\u00ednica de la Ansiedad","article_published_time":"2015-09-24T06:06:07+00:00","article_modified_time":"2024-02-19T12:56:35+00:00","og_image":[{"width":390,"height":536,"url":"https:\/\/clinicadeansiedad.com\/wp-content\/uploads\/2015\/09\/libro-3.png","type":"image\/png"}],"author":"Administrador","twitter_card":"summary_large_image","twitter_misc":{"Escrit per":"Administrador","Temps estimat de lectura":"3 minuts"},"schema":{"@context":"https:\/\/schema.org","@graph":[{"@type":"Article","@id":"https:\/\/clinicadeansiedad.com\/ca\/solucions-i-recursos\/libros-de-la-clinica-de-la-ansiedad\/fobia-social-evaluacion-y-tratamiento\/#article","isPartOf":{"@id":"https:\/\/clinicadeansiedad.com\/ca\/solucions-i-recursos\/libros-de-la-clinica-de-la-ansiedad\/fobia-social-evaluacion-y-tratamiento\/"},"author":{"name":"Administrador","@id":"https:\/\/clinicadeansiedad.com\/ca\/#\/schema\/person\/b3cdcb35d45b0b722091daeae11d1e6d"},"headline":"Fobia Social: Evaluaci\u00f3n y tratamiento (text en castell\u00e0)","datePublished":"2015-09-24T06:06:07+00:00","dateModified":"2024-02-19T12:56:35+00:00","mainEntityOfPage":{"@id":"https:\/\/clinicadeansiedad.com\/ca\/solucions-i-recursos\/libros-de-la-clinica-de-la-ansiedad\/fobia-social-evaluacion-y-tratamiento\/"},"wordCount":693,"publisher":{"@id":"https:\/\/clinicadeansiedad.com\/ca\/#organization"},"image":{"@id":"https:\/\/clinicadeansiedad.com\/ca\/solucions-i-recursos\/libros-de-la-clinica-de-la-ansiedad\/fobia-social-evaluacion-y-tratamiento\/#primaryimage"},"thumbnailUrl":"https:\/\/clinicadeansiedad.com\/wp-content\/uploads\/2015\/09\/libro-3.png","articleSection":["Llibres de la Cl\u00ednica de l\u2019Ansietat"],"inLanguage":"ca"},{"@type":"WebPage","@id":"https:\/\/clinicadeansiedad.com\/ca\/solucions-i-recursos\/libros-de-la-clinica-de-la-ansiedad\/fobia-social-evaluacion-y-tratamiento\/","url":"https:\/\/clinicadeansiedad.com\/ca\/solucions-i-recursos\/libros-de-la-clinica-de-la-ansiedad\/fobia-social-evaluacion-y-tratamiento\/","name":"Fobia Social: Evaluaci\u00f3n y tratamiento (text en castell\u00e0) - Cl\u00ednica de la Ansiedad","isPartOf":{"@id":"https:\/\/clinicadeansiedad.com\/ca\/#website"},"primaryImageOfPage":{"@id":"https:\/\/clinicadeansiedad.com\/ca\/solucions-i-recursos\/libros-de-la-clinica-de-la-ansiedad\/fobia-social-evaluacion-y-tratamiento\/#primaryimage"},"image":{"@id":"https:\/\/clinicadeansiedad.com\/ca\/solucions-i-recursos\/libros-de-la-clinica-de-la-ansiedad\/fobia-social-evaluacion-y-tratamiento\/#primaryimage"},"thumbnailUrl":"https:\/\/clinicadeansiedad.com\/wp-content\/uploads\/2015\/09\/libro-3.png","datePublished":"2015-09-24T06:06:07+00:00","dateModified":"2024-02-19T12:56:35+00:00","breadcrumb":{"@id":"https:\/\/clinicadeansiedad.com\/ca\/solucions-i-recursos\/libros-de-la-clinica-de-la-ansiedad\/fobia-social-evaluacion-y-tratamiento\/#breadcrumb"},"inLanguage":"ca","potentialAction":[{"@type":"ReadAction","target":["https:\/\/clinicadeansiedad.com\/ca\/solucions-i-recursos\/libros-de-la-clinica-de-la-ansiedad\/fobia-social-evaluacion-y-tratamiento\/"]}]},{"@type":"ImageObject","inLanguage":"ca","@id":"https:\/\/clinicadeansiedad.com\/ca\/solucions-i-recursos\/libros-de-la-clinica-de-la-ansiedad\/fobia-social-evaluacion-y-tratamiento\/#primaryimage","url":"https:\/\/clinicadeansiedad.com\/wp-content\/uploads\/2015\/09\/libro-3.png","contentUrl":"https:\/\/clinicadeansiedad.com\/wp-content\/uploads\/2015\/09\/libro-3.png","width":390,"height":536},{"@type":"BreadcrumbList","@id":"https:\/\/clinicadeansiedad.com\/ca\/solucions-i-recursos\/libros-de-la-clinica-de-la-ansiedad\/fobia-social-evaluacion-y-tratamiento\/#breadcrumb","itemListElement":[{"@type":"ListItem","position":1,"name":"Portada","item":"https:\/\/clinicadeansiedad.com\/ca\/"},{"@type":"ListItem","position":2,"name":"Fobia Social: Evaluaci\u00f3n y tratamiento (text en castell\u00e0)"}]},{"@type":"WebSite","@id":"https:\/\/clinicadeansiedad.com\/ca\/#website","url":"https:\/\/clinicadeansiedad.com\/ca\/","name":"Cl\u00ednica de la Ansiedad","description":"","publisher":{"@id":"https:\/\/clinicadeansiedad.com\/ca\/#organization"},"potentialAction":[{"@type":"SearchAction","target":{"@type":"EntryPoint","urlTemplate":"https:\/\/clinicadeansiedad.com\/ca\/?s={search_term_string}"},"query-input":{"@type":"PropertyValueSpecification","valueRequired":true,"valueName":"search_term_string"}}],"inLanguage":"ca"},{"@type":"Organization","@id":"https:\/\/clinicadeansiedad.com\/ca\/#organization","name":"Cl\u00ednica de la Ansiedad","url":"https:\/\/clinicadeansiedad.com\/ca\/","logo":{"@type":"ImageObject","inLanguage":"ca","@id":"https:\/\/clinicadeansiedad.com\/ca\/#\/schema\/logo\/image\/","url":"https:\/\/clinicadeansiedad.com\/wp-content\/uploads\/2020\/12\/cropped-logo_app-1-scaled-1.jpg","contentUrl":"https:\/\/clinicadeansiedad.com\/wp-content\/uploads\/2020\/12\/cropped-logo_app-1-scaled-1.jpg","width":2555,"height":1923,"caption":"Cl\u00ednica de la Ansiedad"},"image":{"@id":"https:\/\/clinicadeansiedad.com\/ca\/#\/schema\/logo\/image\/"}},{"@type":"Person","@id":"https:\/\/clinicadeansiedad.com\/ca\/#\/schema\/person\/b3cdcb35d45b0b722091daeae11d1e6d","name":"Administrador","image":{"@type":"ImageObject","inLanguage":"ca","@id":"https:\/\/secure.gravatar.com\/avatar\/7db0f1e0a7444e53f0d742f084b00f81f08ec36a092facb1f0d776e894c1d5c4?s=96&d=mm&r=g","url":"https:\/\/secure.gravatar.com\/avatar\/7db0f1e0a7444e53f0d742f084b00f81f08ec36a092facb1f0d776e894c1d5c4?s=96&d=mm&r=g","contentUrl":"https:\/\/secure.gravatar.com\/avatar\/7db0f1e0a7444e53f0d742f084b00f81f08ec36a092facb1f0d776e894c1d5c4?s=96&d=mm&r=g","caption":"Administrador"},"url":"https:\/\/clinicadeansiedad.com\/ca\/author\/clinica-2\/"}]}},"featured_image_src":"https:\/\/clinicadeansiedad.com\/wp-content\/uploads\/2015\/09\/libro-3.png","featured_image_src_square":"https:\/\/clinicadeansiedad.com\/wp-content\/uploads\/2015\/09\/libro-3.png","author_info":{"display_name":"Administrador","author_link":"https:\/\/clinicadeansiedad.com\/ca\/author\/clinica-2\/"},"category_info":"<a href=\"https:\/\/clinicadeansiedad.com\/ca\/solucions-i-recursos\/libros-de-la-clinica-de-la-ansiedad\/\" rel=\"category tag\">Llibres de la Cl\u00ednica de l\u2019Ansietat<\/a>","tags_info":"","social_share_info":"<a data-share=\"facebook\" href=\"https:\/\/www.facebook.com\/sharer.php?u=https:\/\/clinicadeansiedad.com\/ca\/solucions-i-recursos\/libros-de-la-clinica-de-la-ansiedad\/fobia-social-evaluacion-y-tratamiento\/\" class=\"pl-facebook-share social-share-default pl-social-share\" target=\"_blank\"><i class=\"fab fa-facebook-f\" aria-hidden=\"true\"><\/i><\/a><a data-share=\"twitter\" href=\"https:\/\/twitter.com\/share?url=https:\/\/clinicadeansiedad.com\/ca\/solucions-i-recursos\/libros-de-la-clinica-de-la-ansiedad\/fobia-social-evaluacion-y-tratamiento\/\" class=\"pl-twiiter-share social-share-default pl-social-share\" target=\"_blank\"><i class=\"fab fa-twitter\" aria-hidden=\"true\"><\/i><\/a><a data-share=\"linkedin\" href=\"https:\/\/www.linkedin.com\/shareArticle?url=https:\/\/clinicadeansiedad.com\/ca\/solucions-i-recursos\/libros-de-la-clinica-de-la-ansiedad\/fobia-social-evaluacion-y-tratamiento\/\" class=\"pl-linkedin-share social-share-default pl-social-share\" target=\"_blank\"><i class=\"fab fa-linkedin-in\" aria-hidden=\"true\"><\/i><\/a>","wordExcerpt_info":"<p>Fobia Social: Evaluaci\u00f3n y tratamiento ens un libro de C\u00e9sar Antona Casas, Doctor en Psicolog\u00eda y miembro del equipo de Cl\u00ednica de la Ansiedad.<\/p>\n","comment_info":"No Comments","_links":{"self":[{"href":"https:\/\/clinicadeansiedad.com\/ca\/wp-json\/wp\/v2\/posts\/57093","targetHints":{"allow":["GET"]}}],"collection":[{"href":"https:\/\/clinicadeansiedad.com\/ca\/wp-json\/wp\/v2\/posts"}],"about":[{"href":"https:\/\/clinicadeansiedad.com\/ca\/wp-json\/wp\/v2\/types\/post"}],"author":[{"embeddable":true,"href":"https:\/\/clinicadeansiedad.com\/ca\/wp-json\/wp\/v2\/users\/3439"}],"replies":[{"embeddable":true,"href":"https:\/\/clinicadeansiedad.com\/ca\/wp-json\/wp\/v2\/comments?post=57093"}],"version-history":[{"count":3,"href":"https:\/\/clinicadeansiedad.com\/ca\/wp-json\/wp\/v2\/posts\/57093\/revisions"}],"predecessor-version":[{"id":57785,"href":"https:\/\/clinicadeansiedad.com\/ca\/wp-json\/wp\/v2\/posts\/57093\/revisions\/57785"}],"wp:featuredmedia":[{"embeddable":true,"href":"https:\/\/clinicadeansiedad.com\/ca\/wp-json\/wp\/v2\/media\/57095"}],"wp:attachment":[{"href":"https:\/\/clinicadeansiedad.com\/ca\/wp-json\/wp\/v2\/media?parent=57093"}],"wp:term":[{"taxonomy":"category","embeddable":true,"href":"https:\/\/clinicadeansiedad.com\/ca\/wp-json\/wp\/v2\/categories?post=57093"},{"taxonomy":"post_tag","embeddable":true,"href":"https:\/\/clinicadeansiedad.com\/ca\/wp-json\/wp\/v2\/tags?post=57093"}],"curies":[{"name":"wp","href":"https:\/\/api.w.org\/{rel}","templated":true}]}}