{"id":56653,"date":"2015-11-19T14:44:24","date_gmt":"2015-11-19T13:44:24","guid":{"rendered":"https:\/\/clinicadeansiedad.com\/uncategorized-ca\/es-posible-padecer-mas-de-un-trastorno-de-ansiedad-a-la-vez\/"},"modified":"2024-02-19T12:57:21","modified_gmt":"2024-02-19T12:57:21","slug":"es-posible-padecer-mas-de-un-trastorno-de-ansiedad-a-la-vez","status":"publish","type":"post","link":"https:\/\/clinicadeansiedad.com\/ca\/solucions-i-recursos\/preguntas-mas-frecuentes\/es-posible-padecer-mas-de-un-trastorno-de-ansiedad-a-la-vez\/","title":{"rendered":"\u00c9s possible patir m\u00e9s d\u2019un trastorn d\u2019ansietat a la vegada?"},"content":{"rendered":"<p>No \u00e9s infreq\u00fcent que una persona presenti m\u00e9s d\u2019un trastorn d\u2019ansietat a la vegada. En altres casos, la persona pot patir un trastorn d\u2019ansietat i un trastorn d\u2019altre tipus (de l\u2019estat d\u2019\u00e0nim, de comportament o d\u2019ab\u00fas o de depend\u00e8ncia de subst\u00e0ncies).<\/p>\n<p>Tamb\u00e9 pot passar que amb el temps, una persona que presenta un trastorn d\u2019ansietat acabi desenvolupant un altre trastorn d\u2019ansietat diferent o un trastorn depressiu. L\u2019aparici\u00f3 de dos o m\u00e9s trastorns rep el nom de <em>comorbiditat<\/em>.<\/p>\n","protected":false},"excerpt":{"rendered":"<p>No \u00e9s infreq\u00fcent que una persona presenti m\u00e9s d\u2019un trastorn d\u2019ansietat a la vegada. En altres casos, la persona pot patir un trastorn d\u2019ansietat i un trastorn d\u2019altre tipus.<\/p>\n","protected":false},"author":3439,"featured_media":56651,"comment_status":"closed","ping_status":"closed","sticky":false,"template":"","format":"standard","meta":{"_bbp_topic_count":0,"_bbp_reply_count":0,"_bbp_total_topic_count":0,"_bbp_total_reply_count":0,"_bbp_voice_count":0,"_bbp_anonymous_reply_count":0,"_bbp_topic_count_hidden":0,"_bbp_reply_count_hidden":0,"_bbp_forum_subforum_count":0,"_joinchat":[],"footnotes":""},"categories":[115],"tags":[],"class_list":["post-56653","post","type-post","status-publish","format-standard","has-post-thumbnail","hentry","category-preguntas-mas-frecuentes"],"yoast_head":"<!-- This site is optimized with the Yoast SEO plugin v27.5 - https:\/\/yoast.com\/product\/yoast-seo-wordpress\/ -->\n<title>\u00c9s possible patir m\u00e9s d\u2019un trastorn d\u2019ansietat a la vegada? - Cl\u00ednica de la Ansiedad<\/title>\n<meta name=\"robots\" content=\"index, follow, max-snippet:-1, max-image-preview:large, max-video-preview:-1\" \/>\n<link rel=\"canonical\" href=\"https:\/\/clinicadeansiedad.com\/ca\/solucions-i-recursos\/preguntas-mas-frecuentes\/es-posible-padecer-mas-de-un-trastorno-de-ansiedad-a-la-vez\/\" \/>\n<meta property=\"og:locale\" content=\"ca_ES\" \/>\n<meta property=\"og:type\" content=\"article\" \/>\n<meta property=\"og:title\" content=\"\u00c9s possible patir m\u00e9s d\u2019un trastorn d\u2019ansietat a la vegada? - Cl\u00ednica de la Ansiedad\" \/>\n<meta property=\"og:description\" content=\"No \u00e9s infreq\u00fcent que una persona presenti m\u00e9s d\u2019un trastorn d\u2019ansietat a la vegada. En altres casos, la persona pot patir un trastorn d\u2019ansietat i un trastorn d\u2019altre tipus.\" \/>\n<meta property=\"og:url\" content=\"https:\/\/clinicadeansiedad.com\/ca\/solucions-i-recursos\/preguntas-mas-frecuentes\/es-posible-padecer-mas-de-un-trastorno-de-ansiedad-a-la-vez\/\" \/>\n<meta property=\"og:site_name\" content=\"Cl\u00ednica de la Ansiedad\" \/>\n<meta property=\"article:published_time\" content=\"2015-11-19T13:44:24+00:00\" \/>\n<meta property=\"article:modified_time\" content=\"2024-02-19T12:57:21+00:00\" \/>\n<meta property=\"og:image\" content=\"https:\/\/clinicadeansiedad.com\/wp-content\/uploads\/2015\/11\/Pie-con-piedras.gif\" \/>\n\t<meta property=\"og:image:width\" content=\"900\" \/>\n\t<meta property=\"og:image:height\" content=\"380\" \/>\n\t<meta property=\"og:image:type\" content=\"image\/gif\" \/>\n<meta name=\"author\" content=\"Administrador\" \/>\n<meta name=\"twitter:card\" content=\"summary_large_image\" \/>\n<meta name=\"twitter:label1\" content=\"Escrit per\" \/>\n\t<meta name=\"twitter:data1\" content=\"Administrador\" \/>\n\t<meta name=\"twitter:label2\" content=\"Temps estimat de lectura\" \/>\n\t<meta name=\"twitter:data2\" content=\"1 minut\" \/>\n<script type=\"application\/ld+json\" class=\"yoast-schema-graph\">{\"@context\":\"https:\\\/\\\/schema.org\",\"@graph\":[{\"@type\":\"Article\",\"@id\":\"https:\\\/\\\/clinicadeansiedad.com\\\/ca\\\/solucions-i-recursos\\\/preguntas-mas-frecuentes\\\/es-posible-padecer-mas-de-un-trastorno-de-ansiedad-a-la-vez\\\/#article\",\"isPartOf\":{\"@id\":\"https:\\\/\\\/clinicadeansiedad.com\\\/ca\\\/solucions-i-recursos\\\/preguntas-mas-frecuentes\\\/es-posible-padecer-mas-de-un-trastorno-de-ansiedad-a-la-vez\\\/\"},\"author\":{\"name\":\"Administrador\",\"@id\":\"https:\\\/\\\/clinicadeansiedad.com\\\/ca\\\/#\\\/schema\\\/person\\\/b3cdcb35d45b0b722091daeae11d1e6d\"},\"headline\":\"\u00c9s possible patir m\u00e9s d\u2019un trastorn d\u2019ansietat a la vegada?\",\"datePublished\":\"2015-11-19T13:44:24+00:00\",\"dateModified\":\"2024-02-19T12:57:21+00:00\",\"mainEntityOfPage\":{\"@id\":\"https:\\\/\\\/clinicadeansiedad.com\\\/ca\\\/solucions-i-recursos\\\/preguntas-mas-frecuentes\\\/es-posible-padecer-mas-de-un-trastorno-de-ansiedad-a-la-vez\\\/\"},\"wordCount\":106,\"publisher\":{\"@id\":\"https:\\\/\\\/clinicadeansiedad.com\\\/ca\\\/#organization\"},\"image\":{\"@id\":\"https:\\\/\\\/clinicadeansiedad.com\\\/ca\\\/solucions-i-recursos\\\/preguntas-mas-frecuentes\\\/es-posible-padecer-mas-de-un-trastorno-de-ansiedad-a-la-vez\\\/#primaryimage\"},\"thumbnailUrl\":\"https:\\\/\\\/clinicadeansiedad.com\\\/wp-content\\\/uploads\\\/2015\\\/11\\\/Pie-con-piedras.gif\",\"articleSection\":[\"Preguntes m\u00e9s freq\u00fcents\"],\"inLanguage\":\"ca\"},{\"@type\":\"WebPage\",\"@id\":\"https:\\\/\\\/clinicadeansiedad.com\\\/ca\\\/solucions-i-recursos\\\/preguntas-mas-frecuentes\\\/es-posible-padecer-mas-de-un-trastorno-de-ansiedad-a-la-vez\\\/\",\"url\":\"https:\\\/\\\/clinicadeansiedad.com\\\/ca\\\/solucions-i-recursos\\\/preguntas-mas-frecuentes\\\/es-posible-padecer-mas-de-un-trastorno-de-ansiedad-a-la-vez\\\/\",\"name\":\"\u00c9s possible patir m\u00e9s d\u2019un trastorn d\u2019ansietat a la vegada? - Cl\u00ednica de la Ansiedad\",\"isPartOf\":{\"@id\":\"https:\\\/\\\/clinicadeansiedad.com\\\/ca\\\/#website\"},\"primaryImageOfPage\":{\"@id\":\"https:\\\/\\\/clinicadeansiedad.com\\\/ca\\\/solucions-i-recursos\\\/preguntas-mas-frecuentes\\\/es-posible-padecer-mas-de-un-trastorno-de-ansiedad-a-la-vez\\\/#primaryimage\"},\"image\":{\"@id\":\"https:\\\/\\\/clinicadeansiedad.com\\\/ca\\\/solucions-i-recursos\\\/preguntas-mas-frecuentes\\\/es-posible-padecer-mas-de-un-trastorno-de-ansiedad-a-la-vez\\\/#primaryimage\"},\"thumbnailUrl\":\"https:\\\/\\\/clinicadeansiedad.com\\\/wp-content\\\/uploads\\\/2015\\\/11\\\/Pie-con-piedras.gif\",\"datePublished\":\"2015-11-19T13:44:24+00:00\",\"dateModified\":\"2024-02-19T12:57:21+00:00\",\"breadcrumb\":{\"@id\":\"https:\\\/\\\/clinicadeansiedad.com\\\/ca\\\/solucions-i-recursos\\\/preguntas-mas-frecuentes\\\/es-posible-padecer-mas-de-un-trastorno-de-ansiedad-a-la-vez\\\/#breadcrumb\"},\"inLanguage\":\"ca\",\"potentialAction\":[{\"@type\":\"ReadAction\",\"target\":[\"https:\\\/\\\/clinicadeansiedad.com\\\/ca\\\/solucions-i-recursos\\\/preguntas-mas-frecuentes\\\/es-posible-padecer-mas-de-un-trastorno-de-ansiedad-a-la-vez\\\/\"]}]},{\"@type\":\"ImageObject\",\"inLanguage\":\"ca\",\"@id\":\"https:\\\/\\\/clinicadeansiedad.com\\\/ca\\\/solucions-i-recursos\\\/preguntas-mas-frecuentes\\\/es-posible-padecer-mas-de-un-trastorno-de-ansiedad-a-la-vez\\\/#primaryimage\",\"url\":\"https:\\\/\\\/clinicadeansiedad.com\\\/wp-content\\\/uploads\\\/2015\\\/11\\\/Pie-con-piedras.gif\",\"contentUrl\":\"https:\\\/\\\/clinicadeansiedad.com\\\/wp-content\\\/uploads\\\/2015\\\/11\\\/Pie-con-piedras.gif\",\"width\":900,\"height\":380},{\"@type\":\"BreadcrumbList\",\"@id\":\"https:\\\/\\\/clinicadeansiedad.com\\\/ca\\\/solucions-i-recursos\\\/preguntas-mas-frecuentes\\\/es-posible-padecer-mas-de-un-trastorno-de-ansiedad-a-la-vez\\\/#breadcrumb\",\"itemListElement\":[{\"@type\":\"ListItem\",\"position\":1,\"name\":\"Portada\",\"item\":\"https:\\\/\\\/clinicadeansiedad.com\\\/ca\\\/\"},{\"@type\":\"ListItem\",\"position\":2,\"name\":\"\u00c9s possible patir m\u00e9s d\u2019un trastorn d\u2019ansietat a la vegada?\"}]},{\"@type\":\"WebSite\",\"@id\":\"https:\\\/\\\/clinicadeansiedad.com\\\/ca\\\/#website\",\"url\":\"https:\\\/\\\/clinicadeansiedad.com\\\/ca\\\/\",\"name\":\"Cl\u00ednica de la Ansiedad\",\"description\":\"\",\"publisher\":{\"@id\":\"https:\\\/\\\/clinicadeansiedad.com\\\/ca\\\/#organization\"},\"potentialAction\":[{\"@type\":\"SearchAction\",\"target\":{\"@type\":\"EntryPoint\",\"urlTemplate\":\"https:\\\/\\\/clinicadeansiedad.com\\\/ca\\\/?s={search_term_string}\"},\"query-input\":{\"@type\":\"PropertyValueSpecification\",\"valueRequired\":true,\"valueName\":\"search_term_string\"}}],\"inLanguage\":\"ca\"},{\"@type\":\"Organization\",\"@id\":\"https:\\\/\\\/clinicadeansiedad.com\\\/ca\\\/#organization\",\"name\":\"Cl\u00ednica de la Ansiedad\",\"url\":\"https:\\\/\\\/clinicadeansiedad.com\\\/ca\\\/\",\"logo\":{\"@type\":\"ImageObject\",\"inLanguage\":\"ca\",\"@id\":\"https:\\\/\\\/clinicadeansiedad.com\\\/ca\\\/#\\\/schema\\\/logo\\\/image\\\/\",\"url\":\"https:\\\/\\\/clinicadeansiedad.com\\\/wp-content\\\/uploads\\\/2020\\\/12\\\/cropped-logo_app-1-scaled-1.jpg\",\"contentUrl\":\"https:\\\/\\\/clinicadeansiedad.com\\\/wp-content\\\/uploads\\\/2020\\\/12\\\/cropped-logo_app-1-scaled-1.jpg\",\"width\":2555,\"height\":1923,\"caption\":\"Cl\u00ednica de la Ansiedad\"},\"image\":{\"@id\":\"https:\\\/\\\/clinicadeansiedad.com\\\/ca\\\/#\\\/schema\\\/logo\\\/image\\\/\"}},{\"@type\":\"Person\",\"@id\":\"https:\\\/\\\/clinicadeansiedad.com\\\/ca\\\/#\\\/schema\\\/person\\\/b3cdcb35d45b0b722091daeae11d1e6d\",\"name\":\"Administrador\",\"image\":{\"@type\":\"ImageObject\",\"inLanguage\":\"ca\",\"@id\":\"https:\\\/\\\/secure.gravatar.com\\\/avatar\\\/7db0f1e0a7444e53f0d742f084b00f81f08ec36a092facb1f0d776e894c1d5c4?s=96&d=mm&r=g\",\"url\":\"https:\\\/\\\/secure.gravatar.com\\\/avatar\\\/7db0f1e0a7444e53f0d742f084b00f81f08ec36a092facb1f0d776e894c1d5c4?s=96&d=mm&r=g\",\"contentUrl\":\"https:\\\/\\\/secure.gravatar.com\\\/avatar\\\/7db0f1e0a7444e53f0d742f084b00f81f08ec36a092facb1f0d776e894c1d5c4?s=96&d=mm&r=g\",\"caption\":\"Administrador\"},\"url\":\"https:\\\/\\\/clinicadeansiedad.com\\\/ca\\\/author\\\/clinica-2\\\/\"}]}<\/script>\n<!-- \/ Yoast SEO plugin. -->","yoast_head_json":{"title":"\u00c9s possible patir m\u00e9s d\u2019un trastorn d\u2019ansietat a la vegada? - Cl\u00ednica de la Ansiedad","robots":{"index":"index","follow":"follow","max-snippet":"max-snippet:-1","max-image-preview":"max-image-preview:large","max-video-preview":"max-video-preview:-1"},"canonical":"https:\/\/clinicadeansiedad.com\/ca\/solucions-i-recursos\/preguntas-mas-frecuentes\/es-posible-padecer-mas-de-un-trastorno-de-ansiedad-a-la-vez\/","og_locale":"ca_ES","og_type":"article","og_title":"\u00c9s possible patir m\u00e9s d\u2019un trastorn d\u2019ansietat a la vegada? - Cl\u00ednica de la Ansiedad","og_description":"No \u00e9s infreq\u00fcent que una persona presenti m\u00e9s d\u2019un trastorn d\u2019ansietat a la vegada. En altres casos, la persona pot patir un trastorn d\u2019ansietat i un trastorn d\u2019altre tipus.","og_url":"https:\/\/clinicadeansiedad.com\/ca\/solucions-i-recursos\/preguntas-mas-frecuentes\/es-posible-padecer-mas-de-un-trastorno-de-ansiedad-a-la-vez\/","og_site_name":"Cl\u00ednica de la Ansiedad","article_published_time":"2015-11-19T13:44:24+00:00","article_modified_time":"2024-02-19T12:57:21+00:00","og_image":[{"width":900,"height":380,"url":"https:\/\/clinicadeansiedad.com\/wp-content\/uploads\/2015\/11\/Pie-con-piedras.gif","type":"image\/gif"}],"author":"Administrador","twitter_card":"summary_large_image","twitter_misc":{"Escrit per":"Administrador","Temps estimat de lectura":"1 minut"},"schema":{"@context":"https:\/\/schema.org","@graph":[{"@type":"Article","@id":"https:\/\/clinicadeansiedad.com\/ca\/solucions-i-recursos\/preguntas-mas-frecuentes\/es-posible-padecer-mas-de-un-trastorno-de-ansiedad-a-la-vez\/#article","isPartOf":{"@id":"https:\/\/clinicadeansiedad.com\/ca\/solucions-i-recursos\/preguntas-mas-frecuentes\/es-posible-padecer-mas-de-un-trastorno-de-ansiedad-a-la-vez\/"},"author":{"name":"Administrador","@id":"https:\/\/clinicadeansiedad.com\/ca\/#\/schema\/person\/b3cdcb35d45b0b722091daeae11d1e6d"},"headline":"\u00c9s possible patir m\u00e9s d\u2019un trastorn d\u2019ansietat a la vegada?","datePublished":"2015-11-19T13:44:24+00:00","dateModified":"2024-02-19T12:57:21+00:00","mainEntityOfPage":{"@id":"https:\/\/clinicadeansiedad.com\/ca\/solucions-i-recursos\/preguntas-mas-frecuentes\/es-posible-padecer-mas-de-un-trastorno-de-ansiedad-a-la-vez\/"},"wordCount":106,"publisher":{"@id":"https:\/\/clinicadeansiedad.com\/ca\/#organization"},"image":{"@id":"https:\/\/clinicadeansiedad.com\/ca\/solucions-i-recursos\/preguntas-mas-frecuentes\/es-posible-padecer-mas-de-un-trastorno-de-ansiedad-a-la-vez\/#primaryimage"},"thumbnailUrl":"https:\/\/clinicadeansiedad.com\/wp-content\/uploads\/2015\/11\/Pie-con-piedras.gif","articleSection":["Preguntes m\u00e9s freq\u00fcents"],"inLanguage":"ca"},{"@type":"WebPage","@id":"https:\/\/clinicadeansiedad.com\/ca\/solucions-i-recursos\/preguntas-mas-frecuentes\/es-posible-padecer-mas-de-un-trastorno-de-ansiedad-a-la-vez\/","url":"https:\/\/clinicadeansiedad.com\/ca\/solucions-i-recursos\/preguntas-mas-frecuentes\/es-posible-padecer-mas-de-un-trastorno-de-ansiedad-a-la-vez\/","name":"\u00c9s possible patir m\u00e9s d\u2019un trastorn d\u2019ansietat a la vegada? - Cl\u00ednica de la Ansiedad","isPartOf":{"@id":"https:\/\/clinicadeansiedad.com\/ca\/#website"},"primaryImageOfPage":{"@id":"https:\/\/clinicadeansiedad.com\/ca\/solucions-i-recursos\/preguntas-mas-frecuentes\/es-posible-padecer-mas-de-un-trastorno-de-ansiedad-a-la-vez\/#primaryimage"},"image":{"@id":"https:\/\/clinicadeansiedad.com\/ca\/solucions-i-recursos\/preguntas-mas-frecuentes\/es-posible-padecer-mas-de-un-trastorno-de-ansiedad-a-la-vez\/#primaryimage"},"thumbnailUrl":"https:\/\/clinicadeansiedad.com\/wp-content\/uploads\/2015\/11\/Pie-con-piedras.gif","datePublished":"2015-11-19T13:44:24+00:00","dateModified":"2024-02-19T12:57:21+00:00","breadcrumb":{"@id":"https:\/\/clinicadeansiedad.com\/ca\/solucions-i-recursos\/preguntas-mas-frecuentes\/es-posible-padecer-mas-de-un-trastorno-de-ansiedad-a-la-vez\/#breadcrumb"},"inLanguage":"ca","potentialAction":[{"@type":"ReadAction","target":["https:\/\/clinicadeansiedad.com\/ca\/solucions-i-recursos\/preguntas-mas-frecuentes\/es-posible-padecer-mas-de-un-trastorno-de-ansiedad-a-la-vez\/"]}]},{"@type":"ImageObject","inLanguage":"ca","@id":"https:\/\/clinicadeansiedad.com\/ca\/solucions-i-recursos\/preguntas-mas-frecuentes\/es-posible-padecer-mas-de-un-trastorno-de-ansiedad-a-la-vez\/#primaryimage","url":"https:\/\/clinicadeansiedad.com\/wp-content\/uploads\/2015\/11\/Pie-con-piedras.gif","contentUrl":"https:\/\/clinicadeansiedad.com\/wp-content\/uploads\/2015\/11\/Pie-con-piedras.gif","width":900,"height":380},{"@type":"BreadcrumbList","@id":"https:\/\/clinicadeansiedad.com\/ca\/solucions-i-recursos\/preguntas-mas-frecuentes\/es-posible-padecer-mas-de-un-trastorno-de-ansiedad-a-la-vez\/#breadcrumb","itemListElement":[{"@type":"ListItem","position":1,"name":"Portada","item":"https:\/\/clinicadeansiedad.com\/ca\/"},{"@type":"ListItem","position":2,"name":"\u00c9s possible patir m\u00e9s d\u2019un trastorn d\u2019ansietat a la vegada?"}]},{"@type":"WebSite","@id":"https:\/\/clinicadeansiedad.com\/ca\/#website","url":"https:\/\/clinicadeansiedad.com\/ca\/","name":"Cl\u00ednica de la Ansiedad","description":"","publisher":{"@id":"https:\/\/clinicadeansiedad.com\/ca\/#organization"},"potentialAction":[{"@type":"SearchAction","target":{"@type":"EntryPoint","urlTemplate":"https:\/\/clinicadeansiedad.com\/ca\/?s={search_term_string}"},"query-input":{"@type":"PropertyValueSpecification","valueRequired":true,"valueName":"search_term_string"}}],"inLanguage":"ca"},{"@type":"Organization","@id":"https:\/\/clinicadeansiedad.com\/ca\/#organization","name":"Cl\u00ednica de la Ansiedad","url":"https:\/\/clinicadeansiedad.com\/ca\/","logo":{"@type":"ImageObject","inLanguage":"ca","@id":"https:\/\/clinicadeansiedad.com\/ca\/#\/schema\/logo\/image\/","url":"https:\/\/clinicadeansiedad.com\/wp-content\/uploads\/2020\/12\/cropped-logo_app-1-scaled-1.jpg","contentUrl":"https:\/\/clinicadeansiedad.com\/wp-content\/uploads\/2020\/12\/cropped-logo_app-1-scaled-1.jpg","width":2555,"height":1923,"caption":"Cl\u00ednica de la Ansiedad"},"image":{"@id":"https:\/\/clinicadeansiedad.com\/ca\/#\/schema\/logo\/image\/"}},{"@type":"Person","@id":"https:\/\/clinicadeansiedad.com\/ca\/#\/schema\/person\/b3cdcb35d45b0b722091daeae11d1e6d","name":"Administrador","image":{"@type":"ImageObject","inLanguage":"ca","@id":"https:\/\/secure.gravatar.com\/avatar\/7db0f1e0a7444e53f0d742f084b00f81f08ec36a092facb1f0d776e894c1d5c4?s=96&d=mm&r=g","url":"https:\/\/secure.gravatar.com\/avatar\/7db0f1e0a7444e53f0d742f084b00f81f08ec36a092facb1f0d776e894c1d5c4?s=96&d=mm&r=g","contentUrl":"https:\/\/secure.gravatar.com\/avatar\/7db0f1e0a7444e53f0d742f084b00f81f08ec36a092facb1f0d776e894c1d5c4?s=96&d=mm&r=g","caption":"Administrador"},"url":"https:\/\/clinicadeansiedad.com\/ca\/author\/clinica-2\/"}]}},"featured_image_src":"https:\/\/clinicadeansiedad.com\/wp-content\/uploads\/2015\/11\/Pie-con-piedras.gif","featured_image_src_square":"https:\/\/clinicadeansiedad.com\/wp-content\/uploads\/2015\/11\/Pie-con-piedras.gif","author_info":{"display_name":"Administrador","author_link":"https:\/\/clinicadeansiedad.com\/ca\/author\/clinica-2\/"},"category_info":"<a href=\"https:\/\/clinicadeansiedad.com\/ca\/solucions-i-recursos\/preguntas-mas-frecuentes\/\" rel=\"category tag\">Preguntes m\u00e9s freq\u00fcents<\/a>","tags_info":"","social_share_info":"<a data-share=\"facebook\" href=\"https:\/\/www.facebook.com\/sharer.php?u=https:\/\/clinicadeansiedad.com\/ca\/solucions-i-recursos\/preguntas-mas-frecuentes\/es-posible-padecer-mas-de-un-trastorno-de-ansiedad-a-la-vez\/\" class=\"pl-facebook-share social-share-default pl-social-share\" target=\"_blank\"><i class=\"fab fa-facebook-f\" aria-hidden=\"true\"><\/i><\/a><a data-share=\"twitter\" href=\"https:\/\/twitter.com\/share?url=https:\/\/clinicadeansiedad.com\/ca\/solucions-i-recursos\/preguntas-mas-frecuentes\/es-posible-padecer-mas-de-un-trastorno-de-ansiedad-a-la-vez\/\" class=\"pl-twiiter-share social-share-default pl-social-share\" target=\"_blank\"><i class=\"fab fa-twitter\" aria-hidden=\"true\"><\/i><\/a><a data-share=\"linkedin\" href=\"https:\/\/www.linkedin.com\/shareArticle?url=https:\/\/clinicadeansiedad.com\/ca\/solucions-i-recursos\/preguntas-mas-frecuentes\/es-posible-padecer-mas-de-un-trastorno-de-ansiedad-a-la-vez\/\" class=\"pl-linkedin-share social-share-default pl-social-share\" target=\"_blank\"><i class=\"fab fa-linkedin-in\" aria-hidden=\"true\"><\/i><\/a>","wordExcerpt_info":"<p>No \u00e9s infreq\u00fcent que una persona presenti m\u00e9s d\u2019un trastorn d\u2019ansietat a la vegada. En altres casos, la persona pot patir un trastorn d\u2019ansietat i un trastorn d\u2019altre tipus.<\/p>\n","comment_info":"No Comments","_links":{"self":[{"href":"https:\/\/clinicadeansiedad.com\/ca\/wp-json\/wp\/v2\/posts\/56653","targetHints":{"allow":["GET"]}}],"collection":[{"href":"https:\/\/clinicadeansiedad.com\/ca\/wp-json\/wp\/v2\/posts"}],"about":[{"href":"https:\/\/clinicadeansiedad.com\/ca\/wp-json\/wp\/v2\/types\/post"}],"author":[{"embeddable":true,"href":"https:\/\/clinicadeansiedad.com\/ca\/wp-json\/wp\/v2\/users\/3439"}],"replies":[{"embeddable":true,"href":"https:\/\/clinicadeansiedad.com\/ca\/wp-json\/wp\/v2\/comments?post=56653"}],"version-history":[{"count":2,"href":"https:\/\/clinicadeansiedad.com\/ca\/wp-json\/wp\/v2\/posts\/56653\/revisions"}],"predecessor-version":[{"id":57864,"href":"https:\/\/clinicadeansiedad.com\/ca\/wp-json\/wp\/v2\/posts\/56653\/revisions\/57864"}],"wp:featuredmedia":[{"embeddable":true,"href":"https:\/\/clinicadeansiedad.com\/ca\/wp-json\/wp\/v2\/media\/56651"}],"wp:attachment":[{"href":"https:\/\/clinicadeansiedad.com\/ca\/wp-json\/wp\/v2\/media?parent=56653"}],"wp:term":[{"taxonomy":"category","embeddable":true,"href":"https:\/\/clinicadeansiedad.com\/ca\/wp-json\/wp\/v2\/categories?post=56653"},{"taxonomy":"post_tag","embeddable":true,"href":"https:\/\/clinicadeansiedad.com\/ca\/wp-json\/wp\/v2\/tags?post=56653"}],"curies":[{"name":"wp","href":"https:\/\/api.w.org\/{rel}","templated":true}]}}