{"id":56646,"date":"2015-11-19T14:43:55","date_gmt":"2015-11-19T13:43:55","guid":{"rendered":"https:\/\/clinicadeansiedad.com\/uncategorized-ca\/a-que-edad-se-desarrollan-los-trastornos-de-ansiedad-en-la-mayoria-de-los-casos\/"},"modified":"2024-02-19T12:57:17","modified_gmt":"2024-02-19T12:57:17","slug":"a-que-edad-se-desarrollan-los-trastornos-de-ansiedad-en-la-mayoria-de-los-casos","status":"publish","type":"post","link":"https:\/\/clinicadeansiedad.com\/ca\/solucions-i-recursos\/preguntas-mas-frecuentes\/a-que-edad-se-desarrollan-los-trastornos-de-ansiedad-en-la-mayoria-de-los-casos\/","title":{"rendered":"A quina edat es desenvolupen els trastorns d\u2019ansietat en la majoria dels casos?"},"content":{"rendered":"<p>Els trastorns d\u2019ansietat poden apar\u00e8ixer en qualsevol moment de la vida. Ara b\u00e9, alguns trastorns d\u2019ansietat solen apar\u00e8ixer m\u00e9s freq\u00fcentment en determinades etapes o per\u00edodes:<\/p>\n<p><span class=\"color_azul\">F\u00f2bies espec\u00edfiques<\/span>: s\u00f3n m\u00e9s freq\u00fcents en la inf\u00e0ncia que en l\u2019adolesc\u00e8ncia o l\u2019etapa adulta.<\/p>\n<ul>\n<li><span class=\"color_azul\">F\u00f2bies ambientals<\/span>: solen apar\u00e8ixer en la inf\u00e0ncia, encara que tamb\u00e9 es poden desenvolupar durant els primers anys de l\u2019etapa adulta. Exemple de f\u00f2bies ambientals: por a les tempestes.<\/li>\n<li><span class=\"color_azul\">F\u00f2bies animals i de sang-injeccions-mal<\/span>: solen apar\u00e8ixer en la inf\u00e0ncia. Exemples: por a les serps o a les aranyes, por a la sang o a les agulles.<\/li>\n<li><span class=\"color_azul\">F\u00f2bies situacionals<\/span>: s\u2019ha descrit un augment en la segona inf\u00e0ncia i un altre en la meitat de la tercera d\u00e8cada de la vida. Exemples: por a l\u2019avi\u00f3, a quedar-se tancat\/ada.<\/li>\n<\/ul>\n<p><span class=\"color_azul\">Trastorns de p\u00e0nic<\/span>: s\u2019observa un augment d\u2019incid\u00e8ncia en els \u00faltims anys de l\u2019adolesc\u00e8ncia i un altre en l\u2019etapa adulta, cap als 30 anys.<\/p>\n<p><span class=\"color_azul\">F\u00f2bia social<\/span>: s\u2019acostuma a iniciar durant l\u2019adolesc\u00e8ncia<\/p>\n<p><span class=\"color_azul\">Trastorn obsessiu-compulsiu<\/span>: encara que pot iniciar-se en la inf\u00e0ncia, apareix m\u00e9s freq\u00fcentment durant l\u2019adolesc\u00e8ncia o els primers anys de l\u2019etapa adulta.<\/p>\n<p><span class=\"color_azul\">Trastorn d\u2019estres posttraum\u00e0tic<\/span>: poder passar en qualsevol \u00e8poca de la vida.<\/p>\n<p><span class=\"color_azul\">Ansietat generalitzada<\/span>: moltes persones consideren que es preocupen excessivament des de sempre. M\u00e9s de la meitat de les persones que v\u00e9nen a tractament per aquest problemes el van iniciar durant la inf\u00e0ncia o l\u2019adolesc\u00e8ncia. No obstant aix\u00f2, no \u00e9s infreq\u00fcent que aparegui despr\u00e9s dels 20 anys.<\/p>\n","protected":false},"excerpt":{"rendered":"<p>Els trastorns d\u2019ansietat poden apar\u00e8ixer en qualsevol moment de la vida. Ara b\u00e9, alguns trastorns d\u2019ansietat solen apar\u00e8ixer m\u00e9s freq\u00fcentment en determinades etapes o per\u00edodes.<\/p>\n","protected":false},"author":3439,"featured_media":56644,"comment_status":"closed","ping_status":"closed","sticky":false,"template":"","format":"standard","meta":{"_bbp_topic_count":0,"_bbp_reply_count":0,"_bbp_total_topic_count":0,"_bbp_total_reply_count":0,"_bbp_voice_count":0,"_bbp_anonymous_reply_count":0,"_bbp_topic_count_hidden":0,"_bbp_reply_count_hidden":0,"_bbp_forum_subforum_count":0,"_joinchat":[],"footnotes":""},"categories":[115],"tags":[],"class_list":["post-56646","post","type-post","status-publish","format-standard","has-post-thumbnail","hentry","category-preguntas-mas-frecuentes"],"yoast_head":"<!-- This site is optimized with the Yoast SEO plugin v27.5 - https:\/\/yoast.com\/product\/yoast-seo-wordpress\/ -->\n<title>A quina edat es desenvolupen els trastorns d\u2019ansietat en la majoria dels casos? - Cl\u00ednica de la Ansiedad<\/title>\n<meta name=\"robots\" content=\"index, follow, max-snippet:-1, max-image-preview:large, max-video-preview:-1\" \/>\n<link rel=\"canonical\" href=\"https:\/\/clinicadeansiedad.com\/ca\/solucions-i-recursos\/preguntas-mas-frecuentes\/a-que-edad-se-desarrollan-los-trastornos-de-ansiedad-en-la-mayoria-de-los-casos\/\" \/>\n<meta property=\"og:locale\" content=\"ca_ES\" \/>\n<meta property=\"og:type\" content=\"article\" \/>\n<meta property=\"og:title\" content=\"A quina edat es desenvolupen els trastorns d\u2019ansietat en la majoria dels casos? - Cl\u00ednica de la Ansiedad\" \/>\n<meta property=\"og:description\" content=\"Els trastorns d\u2019ansietat poden apar\u00e8ixer en qualsevol moment de la vida. Ara b\u00e9, alguns trastorns d\u2019ansietat solen apar\u00e8ixer m\u00e9s freq\u00fcentment en determinades etapes o per\u00edodes.\" \/>\n<meta property=\"og:url\" content=\"https:\/\/clinicadeansiedad.com\/ca\/solucions-i-recursos\/preguntas-mas-frecuentes\/a-que-edad-se-desarrollan-los-trastornos-de-ansiedad-en-la-mayoria-de-los-casos\/\" \/>\n<meta property=\"og:site_name\" content=\"Cl\u00ednica de la Ansiedad\" \/>\n<meta property=\"article:published_time\" content=\"2015-11-19T13:43:55+00:00\" \/>\n<meta property=\"article:modified_time\" content=\"2024-02-19T12:57:17+00:00\" \/>\n<meta property=\"og:image\" content=\"https:\/\/clinicadeansiedad.com\/wp-content\/uploads\/2015\/11\/Pies-en-el-agua.gif\" \/>\n\t<meta property=\"og:image:width\" content=\"900\" \/>\n\t<meta property=\"og:image:height\" content=\"380\" \/>\n\t<meta property=\"og:image:type\" content=\"image\/gif\" \/>\n<meta name=\"author\" content=\"Administrador\" \/>\n<meta name=\"twitter:card\" content=\"summary_large_image\" \/>\n<meta name=\"twitter:label1\" content=\"Escrit per\" \/>\n\t<meta name=\"twitter:data1\" content=\"Administrador\" \/>\n\t<meta name=\"twitter:label2\" content=\"Temps estimat de lectura\" \/>\n\t<meta name=\"twitter:data2\" content=\"2 minuts\" \/>\n<script type=\"application\/ld+json\" class=\"yoast-schema-graph\">{\"@context\":\"https:\\\/\\\/schema.org\",\"@graph\":[{\"@type\":\"Article\",\"@id\":\"https:\\\/\\\/clinicadeansiedad.com\\\/ca\\\/solucions-i-recursos\\\/preguntas-mas-frecuentes\\\/a-que-edad-se-desarrollan-los-trastornos-de-ansiedad-en-la-mayoria-de-los-casos\\\/#article\",\"isPartOf\":{\"@id\":\"https:\\\/\\\/clinicadeansiedad.com\\\/ca\\\/solucions-i-recursos\\\/preguntas-mas-frecuentes\\\/a-que-edad-se-desarrollan-los-trastornos-de-ansiedad-en-la-mayoria-de-los-casos\\\/\"},\"author\":{\"name\":\"Administrador\",\"@id\":\"https:\\\/\\\/clinicadeansiedad.com\\\/ca\\\/#\\\/schema\\\/person\\\/b3cdcb35d45b0b722091daeae11d1e6d\"},\"headline\":\"A quina edat es desenvolupen els trastorns d\u2019ansietat en la majoria dels casos?\",\"datePublished\":\"2015-11-19T13:43:55+00:00\",\"dateModified\":\"2024-02-19T12:57:17+00:00\",\"mainEntityOfPage\":{\"@id\":\"https:\\\/\\\/clinicadeansiedad.com\\\/ca\\\/solucions-i-recursos\\\/preguntas-mas-frecuentes\\\/a-que-edad-se-desarrollan-los-trastornos-de-ansiedad-en-la-mayoria-de-los-casos\\\/\"},\"wordCount\":300,\"publisher\":{\"@id\":\"https:\\\/\\\/clinicadeansiedad.com\\\/ca\\\/#organization\"},\"image\":{\"@id\":\"https:\\\/\\\/clinicadeansiedad.com\\\/ca\\\/solucions-i-recursos\\\/preguntas-mas-frecuentes\\\/a-que-edad-se-desarrollan-los-trastornos-de-ansiedad-en-la-mayoria-de-los-casos\\\/#primaryimage\"},\"thumbnailUrl\":\"https:\\\/\\\/clinicadeansiedad.com\\\/wp-content\\\/uploads\\\/2015\\\/11\\\/Pies-en-el-agua.gif\",\"articleSection\":[\"Preguntes m\u00e9s freq\u00fcents\"],\"inLanguage\":\"ca\"},{\"@type\":\"WebPage\",\"@id\":\"https:\\\/\\\/clinicadeansiedad.com\\\/ca\\\/solucions-i-recursos\\\/preguntas-mas-frecuentes\\\/a-que-edad-se-desarrollan-los-trastornos-de-ansiedad-en-la-mayoria-de-los-casos\\\/\",\"url\":\"https:\\\/\\\/clinicadeansiedad.com\\\/ca\\\/solucions-i-recursos\\\/preguntas-mas-frecuentes\\\/a-que-edad-se-desarrollan-los-trastornos-de-ansiedad-en-la-mayoria-de-los-casos\\\/\",\"name\":\"A quina edat es desenvolupen els trastorns d\u2019ansietat en la majoria dels casos? - Cl\u00ednica de la Ansiedad\",\"isPartOf\":{\"@id\":\"https:\\\/\\\/clinicadeansiedad.com\\\/ca\\\/#website\"},\"primaryImageOfPage\":{\"@id\":\"https:\\\/\\\/clinicadeansiedad.com\\\/ca\\\/solucions-i-recursos\\\/preguntas-mas-frecuentes\\\/a-que-edad-se-desarrollan-los-trastornos-de-ansiedad-en-la-mayoria-de-los-casos\\\/#primaryimage\"},\"image\":{\"@id\":\"https:\\\/\\\/clinicadeansiedad.com\\\/ca\\\/solucions-i-recursos\\\/preguntas-mas-frecuentes\\\/a-que-edad-se-desarrollan-los-trastornos-de-ansiedad-en-la-mayoria-de-los-casos\\\/#primaryimage\"},\"thumbnailUrl\":\"https:\\\/\\\/clinicadeansiedad.com\\\/wp-content\\\/uploads\\\/2015\\\/11\\\/Pies-en-el-agua.gif\",\"datePublished\":\"2015-11-19T13:43:55+00:00\",\"dateModified\":\"2024-02-19T12:57:17+00:00\",\"breadcrumb\":{\"@id\":\"https:\\\/\\\/clinicadeansiedad.com\\\/ca\\\/solucions-i-recursos\\\/preguntas-mas-frecuentes\\\/a-que-edad-se-desarrollan-los-trastornos-de-ansiedad-en-la-mayoria-de-los-casos\\\/#breadcrumb\"},\"inLanguage\":\"ca\",\"potentialAction\":[{\"@type\":\"ReadAction\",\"target\":[\"https:\\\/\\\/clinicadeansiedad.com\\\/ca\\\/solucions-i-recursos\\\/preguntas-mas-frecuentes\\\/a-que-edad-se-desarrollan-los-trastornos-de-ansiedad-en-la-mayoria-de-los-casos\\\/\"]}]},{\"@type\":\"ImageObject\",\"inLanguage\":\"ca\",\"@id\":\"https:\\\/\\\/clinicadeansiedad.com\\\/ca\\\/solucions-i-recursos\\\/preguntas-mas-frecuentes\\\/a-que-edad-se-desarrollan-los-trastornos-de-ansiedad-en-la-mayoria-de-los-casos\\\/#primaryimage\",\"url\":\"https:\\\/\\\/clinicadeansiedad.com\\\/wp-content\\\/uploads\\\/2015\\\/11\\\/Pies-en-el-agua.gif\",\"contentUrl\":\"https:\\\/\\\/clinicadeansiedad.com\\\/wp-content\\\/uploads\\\/2015\\\/11\\\/Pies-en-el-agua.gif\",\"width\":900,\"height\":380},{\"@type\":\"BreadcrumbList\",\"@id\":\"https:\\\/\\\/clinicadeansiedad.com\\\/ca\\\/solucions-i-recursos\\\/preguntas-mas-frecuentes\\\/a-que-edad-se-desarrollan-los-trastornos-de-ansiedad-en-la-mayoria-de-los-casos\\\/#breadcrumb\",\"itemListElement\":[{\"@type\":\"ListItem\",\"position\":1,\"name\":\"Portada\",\"item\":\"https:\\\/\\\/clinicadeansiedad.com\\\/ca\\\/\"},{\"@type\":\"ListItem\",\"position\":2,\"name\":\"A quina edat es desenvolupen els trastorns d\u2019ansietat en la majoria dels casos?\"}]},{\"@type\":\"WebSite\",\"@id\":\"https:\\\/\\\/clinicadeansiedad.com\\\/ca\\\/#website\",\"url\":\"https:\\\/\\\/clinicadeansiedad.com\\\/ca\\\/\",\"name\":\"Cl\u00ednica de la Ansiedad\",\"description\":\"\",\"publisher\":{\"@id\":\"https:\\\/\\\/clinicadeansiedad.com\\\/ca\\\/#organization\"},\"potentialAction\":[{\"@type\":\"SearchAction\",\"target\":{\"@type\":\"EntryPoint\",\"urlTemplate\":\"https:\\\/\\\/clinicadeansiedad.com\\\/ca\\\/?s={search_term_string}\"},\"query-input\":{\"@type\":\"PropertyValueSpecification\",\"valueRequired\":true,\"valueName\":\"search_term_string\"}}],\"inLanguage\":\"ca\"},{\"@type\":\"Organization\",\"@id\":\"https:\\\/\\\/clinicadeansiedad.com\\\/ca\\\/#organization\",\"name\":\"Cl\u00ednica de la Ansiedad\",\"url\":\"https:\\\/\\\/clinicadeansiedad.com\\\/ca\\\/\",\"logo\":{\"@type\":\"ImageObject\",\"inLanguage\":\"ca\",\"@id\":\"https:\\\/\\\/clinicadeansiedad.com\\\/ca\\\/#\\\/schema\\\/logo\\\/image\\\/\",\"url\":\"https:\\\/\\\/clinicadeansiedad.com\\\/wp-content\\\/uploads\\\/2020\\\/12\\\/cropped-logo_app-1-scaled-1.jpg\",\"contentUrl\":\"https:\\\/\\\/clinicadeansiedad.com\\\/wp-content\\\/uploads\\\/2020\\\/12\\\/cropped-logo_app-1-scaled-1.jpg\",\"width\":2555,\"height\":1923,\"caption\":\"Cl\u00ednica de la Ansiedad\"},\"image\":{\"@id\":\"https:\\\/\\\/clinicadeansiedad.com\\\/ca\\\/#\\\/schema\\\/logo\\\/image\\\/\"}},{\"@type\":\"Person\",\"@id\":\"https:\\\/\\\/clinicadeansiedad.com\\\/ca\\\/#\\\/schema\\\/person\\\/b3cdcb35d45b0b722091daeae11d1e6d\",\"name\":\"Administrador\",\"image\":{\"@type\":\"ImageObject\",\"inLanguage\":\"ca\",\"@id\":\"https:\\\/\\\/secure.gravatar.com\\\/avatar\\\/7db0f1e0a7444e53f0d742f084b00f81f08ec36a092facb1f0d776e894c1d5c4?s=96&d=mm&r=g\",\"url\":\"https:\\\/\\\/secure.gravatar.com\\\/avatar\\\/7db0f1e0a7444e53f0d742f084b00f81f08ec36a092facb1f0d776e894c1d5c4?s=96&d=mm&r=g\",\"contentUrl\":\"https:\\\/\\\/secure.gravatar.com\\\/avatar\\\/7db0f1e0a7444e53f0d742f084b00f81f08ec36a092facb1f0d776e894c1d5c4?s=96&d=mm&r=g\",\"caption\":\"Administrador\"},\"url\":\"https:\\\/\\\/clinicadeansiedad.com\\\/ca\\\/author\\\/clinica-2\\\/\"}]}<\/script>\n<!-- \/ Yoast SEO plugin. -->","yoast_head_json":{"title":"A quina edat es desenvolupen els trastorns d\u2019ansietat en la majoria dels casos? - Cl\u00ednica de la Ansiedad","robots":{"index":"index","follow":"follow","max-snippet":"max-snippet:-1","max-image-preview":"max-image-preview:large","max-video-preview":"max-video-preview:-1"},"canonical":"https:\/\/clinicadeansiedad.com\/ca\/solucions-i-recursos\/preguntas-mas-frecuentes\/a-que-edad-se-desarrollan-los-trastornos-de-ansiedad-en-la-mayoria-de-los-casos\/","og_locale":"ca_ES","og_type":"article","og_title":"A quina edat es desenvolupen els trastorns d\u2019ansietat en la majoria dels casos? - Cl\u00ednica de la Ansiedad","og_description":"Els trastorns d\u2019ansietat poden apar\u00e8ixer en qualsevol moment de la vida. Ara b\u00e9, alguns trastorns d\u2019ansietat solen apar\u00e8ixer m\u00e9s freq\u00fcentment en determinades etapes o per\u00edodes.","og_url":"https:\/\/clinicadeansiedad.com\/ca\/solucions-i-recursos\/preguntas-mas-frecuentes\/a-que-edad-se-desarrollan-los-trastornos-de-ansiedad-en-la-mayoria-de-los-casos\/","og_site_name":"Cl\u00ednica de la Ansiedad","article_published_time":"2015-11-19T13:43:55+00:00","article_modified_time":"2024-02-19T12:57:17+00:00","og_image":[{"width":900,"height":380,"url":"https:\/\/clinicadeansiedad.com\/wp-content\/uploads\/2015\/11\/Pies-en-el-agua.gif","type":"image\/gif"}],"author":"Administrador","twitter_card":"summary_large_image","twitter_misc":{"Escrit per":"Administrador","Temps estimat de lectura":"2 minuts"},"schema":{"@context":"https:\/\/schema.org","@graph":[{"@type":"Article","@id":"https:\/\/clinicadeansiedad.com\/ca\/solucions-i-recursos\/preguntas-mas-frecuentes\/a-que-edad-se-desarrollan-los-trastornos-de-ansiedad-en-la-mayoria-de-los-casos\/#article","isPartOf":{"@id":"https:\/\/clinicadeansiedad.com\/ca\/solucions-i-recursos\/preguntas-mas-frecuentes\/a-que-edad-se-desarrollan-los-trastornos-de-ansiedad-en-la-mayoria-de-los-casos\/"},"author":{"name":"Administrador","@id":"https:\/\/clinicadeansiedad.com\/ca\/#\/schema\/person\/b3cdcb35d45b0b722091daeae11d1e6d"},"headline":"A quina edat es desenvolupen els trastorns d\u2019ansietat en la majoria dels casos?","datePublished":"2015-11-19T13:43:55+00:00","dateModified":"2024-02-19T12:57:17+00:00","mainEntityOfPage":{"@id":"https:\/\/clinicadeansiedad.com\/ca\/solucions-i-recursos\/preguntas-mas-frecuentes\/a-que-edad-se-desarrollan-los-trastornos-de-ansiedad-en-la-mayoria-de-los-casos\/"},"wordCount":300,"publisher":{"@id":"https:\/\/clinicadeansiedad.com\/ca\/#organization"},"image":{"@id":"https:\/\/clinicadeansiedad.com\/ca\/solucions-i-recursos\/preguntas-mas-frecuentes\/a-que-edad-se-desarrollan-los-trastornos-de-ansiedad-en-la-mayoria-de-los-casos\/#primaryimage"},"thumbnailUrl":"https:\/\/clinicadeansiedad.com\/wp-content\/uploads\/2015\/11\/Pies-en-el-agua.gif","articleSection":["Preguntes m\u00e9s freq\u00fcents"],"inLanguage":"ca"},{"@type":"WebPage","@id":"https:\/\/clinicadeansiedad.com\/ca\/solucions-i-recursos\/preguntas-mas-frecuentes\/a-que-edad-se-desarrollan-los-trastornos-de-ansiedad-en-la-mayoria-de-los-casos\/","url":"https:\/\/clinicadeansiedad.com\/ca\/solucions-i-recursos\/preguntas-mas-frecuentes\/a-que-edad-se-desarrollan-los-trastornos-de-ansiedad-en-la-mayoria-de-los-casos\/","name":"A quina edat es desenvolupen els trastorns d\u2019ansietat en la majoria dels casos? - Cl\u00ednica de la Ansiedad","isPartOf":{"@id":"https:\/\/clinicadeansiedad.com\/ca\/#website"},"primaryImageOfPage":{"@id":"https:\/\/clinicadeansiedad.com\/ca\/solucions-i-recursos\/preguntas-mas-frecuentes\/a-que-edad-se-desarrollan-los-trastornos-de-ansiedad-en-la-mayoria-de-los-casos\/#primaryimage"},"image":{"@id":"https:\/\/clinicadeansiedad.com\/ca\/solucions-i-recursos\/preguntas-mas-frecuentes\/a-que-edad-se-desarrollan-los-trastornos-de-ansiedad-en-la-mayoria-de-los-casos\/#primaryimage"},"thumbnailUrl":"https:\/\/clinicadeansiedad.com\/wp-content\/uploads\/2015\/11\/Pies-en-el-agua.gif","datePublished":"2015-11-19T13:43:55+00:00","dateModified":"2024-02-19T12:57:17+00:00","breadcrumb":{"@id":"https:\/\/clinicadeansiedad.com\/ca\/solucions-i-recursos\/preguntas-mas-frecuentes\/a-que-edad-se-desarrollan-los-trastornos-de-ansiedad-en-la-mayoria-de-los-casos\/#breadcrumb"},"inLanguage":"ca","potentialAction":[{"@type":"ReadAction","target":["https:\/\/clinicadeansiedad.com\/ca\/solucions-i-recursos\/preguntas-mas-frecuentes\/a-que-edad-se-desarrollan-los-trastornos-de-ansiedad-en-la-mayoria-de-los-casos\/"]}]},{"@type":"ImageObject","inLanguage":"ca","@id":"https:\/\/clinicadeansiedad.com\/ca\/solucions-i-recursos\/preguntas-mas-frecuentes\/a-que-edad-se-desarrollan-los-trastornos-de-ansiedad-en-la-mayoria-de-los-casos\/#primaryimage","url":"https:\/\/clinicadeansiedad.com\/wp-content\/uploads\/2015\/11\/Pies-en-el-agua.gif","contentUrl":"https:\/\/clinicadeansiedad.com\/wp-content\/uploads\/2015\/11\/Pies-en-el-agua.gif","width":900,"height":380},{"@type":"BreadcrumbList","@id":"https:\/\/clinicadeansiedad.com\/ca\/solucions-i-recursos\/preguntas-mas-frecuentes\/a-que-edad-se-desarrollan-los-trastornos-de-ansiedad-en-la-mayoria-de-los-casos\/#breadcrumb","itemListElement":[{"@type":"ListItem","position":1,"name":"Portada","item":"https:\/\/clinicadeansiedad.com\/ca\/"},{"@type":"ListItem","position":2,"name":"A quina edat es desenvolupen els trastorns d\u2019ansietat en la majoria dels casos?"}]},{"@type":"WebSite","@id":"https:\/\/clinicadeansiedad.com\/ca\/#website","url":"https:\/\/clinicadeansiedad.com\/ca\/","name":"Cl\u00ednica de la Ansiedad","description":"","publisher":{"@id":"https:\/\/clinicadeansiedad.com\/ca\/#organization"},"potentialAction":[{"@type":"SearchAction","target":{"@type":"EntryPoint","urlTemplate":"https:\/\/clinicadeansiedad.com\/ca\/?s={search_term_string}"},"query-input":{"@type":"PropertyValueSpecification","valueRequired":true,"valueName":"search_term_string"}}],"inLanguage":"ca"},{"@type":"Organization","@id":"https:\/\/clinicadeansiedad.com\/ca\/#organization","name":"Cl\u00ednica de la Ansiedad","url":"https:\/\/clinicadeansiedad.com\/ca\/","logo":{"@type":"ImageObject","inLanguage":"ca","@id":"https:\/\/clinicadeansiedad.com\/ca\/#\/schema\/logo\/image\/","url":"https:\/\/clinicadeansiedad.com\/wp-content\/uploads\/2020\/12\/cropped-logo_app-1-scaled-1.jpg","contentUrl":"https:\/\/clinicadeansiedad.com\/wp-content\/uploads\/2020\/12\/cropped-logo_app-1-scaled-1.jpg","width":2555,"height":1923,"caption":"Cl\u00ednica de la Ansiedad"},"image":{"@id":"https:\/\/clinicadeansiedad.com\/ca\/#\/schema\/logo\/image\/"}},{"@type":"Person","@id":"https:\/\/clinicadeansiedad.com\/ca\/#\/schema\/person\/b3cdcb35d45b0b722091daeae11d1e6d","name":"Administrador","image":{"@type":"ImageObject","inLanguage":"ca","@id":"https:\/\/secure.gravatar.com\/avatar\/7db0f1e0a7444e53f0d742f084b00f81f08ec36a092facb1f0d776e894c1d5c4?s=96&d=mm&r=g","url":"https:\/\/secure.gravatar.com\/avatar\/7db0f1e0a7444e53f0d742f084b00f81f08ec36a092facb1f0d776e894c1d5c4?s=96&d=mm&r=g","contentUrl":"https:\/\/secure.gravatar.com\/avatar\/7db0f1e0a7444e53f0d742f084b00f81f08ec36a092facb1f0d776e894c1d5c4?s=96&d=mm&r=g","caption":"Administrador"},"url":"https:\/\/clinicadeansiedad.com\/ca\/author\/clinica-2\/"}]}},"featured_image_src":"https:\/\/clinicadeansiedad.com\/wp-content\/uploads\/2015\/11\/Pies-en-el-agua.gif","featured_image_src_square":"https:\/\/clinicadeansiedad.com\/wp-content\/uploads\/2015\/11\/Pies-en-el-agua.gif","author_info":{"display_name":"Administrador","author_link":"https:\/\/clinicadeansiedad.com\/ca\/author\/clinica-2\/"},"category_info":"<a href=\"https:\/\/clinicadeansiedad.com\/ca\/solucions-i-recursos\/preguntas-mas-frecuentes\/\" rel=\"category tag\">Preguntes m\u00e9s freq\u00fcents<\/a>","tags_info":"","social_share_info":"<a data-share=\"facebook\" href=\"https:\/\/www.facebook.com\/sharer.php?u=https:\/\/clinicadeansiedad.com\/ca\/solucions-i-recursos\/preguntas-mas-frecuentes\/a-que-edad-se-desarrollan-los-trastornos-de-ansiedad-en-la-mayoria-de-los-casos\/\" class=\"pl-facebook-share social-share-default pl-social-share\" target=\"_blank\"><i class=\"fab fa-facebook-f\" aria-hidden=\"true\"><\/i><\/a><a data-share=\"twitter\" href=\"https:\/\/twitter.com\/share?url=https:\/\/clinicadeansiedad.com\/ca\/solucions-i-recursos\/preguntas-mas-frecuentes\/a-que-edad-se-desarrollan-los-trastornos-de-ansiedad-en-la-mayoria-de-los-casos\/\" class=\"pl-twiiter-share social-share-default pl-social-share\" target=\"_blank\"><i class=\"fab fa-twitter\" aria-hidden=\"true\"><\/i><\/a><a data-share=\"linkedin\" href=\"https:\/\/www.linkedin.com\/shareArticle?url=https:\/\/clinicadeansiedad.com\/ca\/solucions-i-recursos\/preguntas-mas-frecuentes\/a-que-edad-se-desarrollan-los-trastornos-de-ansiedad-en-la-mayoria-de-los-casos\/\" class=\"pl-linkedin-share social-share-default pl-social-share\" target=\"_blank\"><i class=\"fab fa-linkedin-in\" aria-hidden=\"true\"><\/i><\/a>","wordExcerpt_info":"<p>Els trastorns d\u2019ansietat poden apar\u00e8ixer en qualsevol moment de la vida. Ara b\u00e9, alguns trastorns d\u2019ansietat solen apar\u00e8ixer m\u00e9s freq\u00fcentment en determinades etapes o per\u00edodes.<\/p>\n","comment_info":"No Comments","_links":{"self":[{"href":"https:\/\/clinicadeansiedad.com\/ca\/wp-json\/wp\/v2\/posts\/56646","targetHints":{"allow":["GET"]}}],"collection":[{"href":"https:\/\/clinicadeansiedad.com\/ca\/wp-json\/wp\/v2\/posts"}],"about":[{"href":"https:\/\/clinicadeansiedad.com\/ca\/wp-json\/wp\/v2\/types\/post"}],"author":[{"embeddable":true,"href":"https:\/\/clinicadeansiedad.com\/ca\/wp-json\/wp\/v2\/users\/3439"}],"replies":[{"embeddable":true,"href":"https:\/\/clinicadeansiedad.com\/ca\/wp-json\/wp\/v2\/comments?post=56646"}],"version-history":[{"count":2,"href":"https:\/\/clinicadeansiedad.com\/ca\/wp-json\/wp\/v2\/posts\/56646\/revisions"}],"predecessor-version":[{"id":57844,"href":"https:\/\/clinicadeansiedad.com\/ca\/wp-json\/wp\/v2\/posts\/56646\/revisions\/57844"}],"wp:featuredmedia":[{"embeddable":true,"href":"https:\/\/clinicadeansiedad.com\/ca\/wp-json\/wp\/v2\/media\/56644"}],"wp:attachment":[{"href":"https:\/\/clinicadeansiedad.com\/ca\/wp-json\/wp\/v2\/media?parent=56646"}],"wp:term":[{"taxonomy":"category","embeddable":true,"href":"https:\/\/clinicadeansiedad.com\/ca\/wp-json\/wp\/v2\/categories?post=56646"},{"taxonomy":"post_tag","embeddable":true,"href":"https:\/\/clinicadeansiedad.com\/ca\/wp-json\/wp\/v2\/tags?post=56646"}],"curies":[{"name":"wp","href":"https:\/\/api.w.org\/{rel}","templated":true}]}}