{"id":55796,"date":"2015-09-23T03:53:28","date_gmt":"2015-09-23T01:53:28","guid":{"rendered":"https:\/\/clinicadeansiedad.com\/uncategorized-ca\/programas-de-realidad-virtual-aplicados-al-tratamiento-del-miedo\/"},"modified":"2024-02-19T12:57:30","modified_gmt":"2024-02-19T12:57:30","slug":"programas-de-realidad-virtual-aplicados-al-tratamiento-del-miedo","status":"publish","type":"post","link":"https:\/\/clinicadeansiedad.com\/ca\/problemes\/fobias-especificas\/programas-de-realidad-virtual-aplicados-al-tratamiento-del-miedo\/","title":{"rendered":"Els programes de realitat virtual aplicats al tractament de la por"},"content":{"rendered":"<p><span class=\"color_azul\">La realitat virtual permet de recrear o de reproduir escenaris del m\u00f3n real mitjan\u00e7ant programes i equips especialitzats<\/span>. \u00c9s un recurs t\u00e8cnic i terap\u00e8utic de gran ajut en la superaci\u00f3 de diverses pors: l\u2019agoraf\u00f2bia, la f\u00f2bia a volar, la claustrof\u00f2bia, etc. <span class=\"color_azul\">Permet a l\u2019usuari dels serveis psicol\u00f2gics exposar-se a les situacions temudes i actuar-hi, en un ambient segur<\/span>, on pot explorar lliurement, sentir, viure i reviure sentiments i pensaments, a la consulta i sense sentir-se observat pels altres.<\/p>\n<p><span class=\"color_azul\">L\u2019usuari disposa de diferents escenaris i situacions, com rec\u00f3rrer un aeroport, viatjar amb avi\u00f3, amb autob\u00fas o amb metro, passejar per uns grans magatzems<\/span> i comprar-hi, passar per un t\u00fanel, pujar a un ascensor, etc. En cadascun d\u2019aquests escenaris, l\u2019usuari t\u00e9 l\u2019oportunitat d\u2019interaccionar amb l\u2019ambient i podr\u00e0 sentir-hi converses, demanar la parada, pujar o baixar del mitj\u00e0 de transport, agafar un llibre, fer cua davant d\u2019un mostrador i fins i tot enfrontar-se a situacions conflictives amb una caixera.<\/p>\n<p>Mitjan\u00e7ant <span class=\"color_azul\">un procediment d\u2019exposici\u00f3 progressiva<\/span>, en qu\u00e8 es graduen les situacions per anar avan\u00e7ant des de les execucions m\u00e9s f\u00e0cils fins a les m\u00e9s dif\u00edcils, a poc a poc, a partir del coneixement i del domini que li proporcionin les interaccions en la realitat virtual, el pacient podr\u00e0 enfrontar-se a la por en el m\u00f3n real.<\/p>\n<p>La realitat virtual aconsegueix una elevada <span class=\"color_azul\">sensaci\u00f3 de pres\u00e8ncia<\/span><strong>,<\/strong> \u00e9s a dir, la sensaci\u00f3 que s\u2019est\u00e0 dins de cada escenari. Aquesta sensaci\u00f3 apareix en funci\u00f3 de diferents factors. Un primer factor es refereix <span class=\"color_azul\">als indicis perceptius<\/span><strong>,<\/strong> que depenen, en part, d\u2019un ambient m\u00e9s o menys ric i detallista, per\u00f2 tamb\u00e9 de l\u2019esfor\u00e7 per viure i per interpretar l\u2019experi\u00e8ncia com si fos ver\u00eddica. Un segon factor \u00e9s la <span class=\"color_azul\">immersi\u00f3<\/span><strong>.<\/strong> Per exemple, al cinema ens fiquem a la pel\u00b7l\u00edcula gr\u00e0cies a una pantalla gran, als llums apagats, al so envoltant, etc. En la realitat virtual, la immersi\u00f3 s\u2019acostuma a aconseguir mitjan\u00e7ant unes ulleres i un equip de projecci\u00f3. L\u2019\u00faltim factor fa refer\u00e8ncia a la <span class=\"color_azul\">interacci\u00f3<\/span><strong>,<\/strong> que, com s\u2019ha comentat anteriorment, converteix l\u2019usuari en un participant actiu, amb l\u2019opci\u00f3 d\u2019interaccionar amb elements de l\u2019escenari: agafar i deixar anar objectes, moure\u2019s per situacions diverses, afegir gent, accionar aparells, obrir i tancar portes, etc.<\/p>\n<p><span class=\"color_azul\">Els estudis realitzats fins ara indiquen que la t\u00e8cnica de la realitat virtual aconsegueix canvis cl\u00ednicament i estad\u00edsticament significatius en diverses f\u00f2bies<\/span>.<\/p>\n<p>__________<br \/>\n<span class=\"color_azul\">Font<\/span>: Estela Massagu\u00e9. Cl\u00ednica de l\u2019Ansietat.<\/p>\n<p><span class=\"color_azul\">V\u00eddeo il\u00b7lustratiu<\/span><\/p>\n<p>RTVE. &#8220;<em><span class=\"color_azul\">Mala vida<\/span><\/em>&#8221; (problemes de salut mental incapacitants).&nbsp;<em>Comando Actualidad.<\/em> Programa em\u00e8s el 22-10-2014. <span class=\"color_azul\">A partir del minut 55:55, reportatge realitzat a la Cl\u00ednica de l\u2019Ansietat sobre tecnologies aplicades a la superaci\u00f3 de diverses f\u00f2bies.<\/span><\/p>\n<div style=\"width: 100%; padding-top: 64%; position: relative; border-bottom: 1px solid #aaa; display: inline-block; background: rgba(255,255,255,0.9);\"><iframe style=\"width: 100%; height: 90%; position: absolute; left: 0; top: 0; overflow: hidden;\" data-src=\"http:\/\/www.rtve.es\/drmn\/embed\/video\/2823834\" name=\"Mala vida\" width=\"300\" height=\"150\" frameborder=\"0\" scrolling=\"no\" src=\"data:image\/svg+xml;base64,PHN2ZyB3aWR0aD0iMSIgaGVpZ2h0PSIxIiB4bWxucz0iaHR0cDovL3d3dy53My5vcmcvMjAwMC9zdmciPjwvc3ZnPg==\" class=\"lazyload\" data-load-mode=\"1\"><\/iframe><\/p>\n<div style=\"position: absolute; bottom: 0; left: 0; font-family: arial,helvetica,sans-serif; font-size: 12px; line-height: 1.833; display: inline-block; padding: 5px 0 5px 10px;\"><span style=\"float: left; margin-right: 10px;\"><img decoding=\"async\" style=\"height: 20px; width: auto; background: transparent; padding: 0; margin: 0;\" data-src=\"http:\/\/img.irtve.es\/css\/rtve.commons\/rtve.header.footer\/i\/logoRTVEes.png\" alt=\"\" src=\"data:image\/svg+xml;base64,PHN2ZyB3aWR0aD0iMSIgaGVpZ2h0PSIxIiB4bWxucz0iaHR0cDovL3d3dy53My5vcmcvMjAwMC9zdmciPjwvc3ZnPg==\" class=\"lazyload\"><\/span> <a style=\"color: #333; font-weight: bold;\" title=\"Mala vida\" href=\"http:\/\/www.rtve.es\/alacarta\/videos\/comando-actualidad\/comando-actualidad-mala-vida\/2823834\/\"><strong>Mala vida<\/strong><\/a><\/div>\n<\/div>\n<p><span class=\"color_azul\">V\u00eddeo il-lustratiu<\/span>:<span class=\"color_azul\"><em> Muestra Realidad Virtual aplicada al miedo a volar <\/em><\/span><\/p>\n<p><iframe data-src=\"https:\/\/www.youtube.com\/embed\/mE364NWNCEs\" width=\"560\" height=\"315\" frameborder=\"0\" allowfullscreen=\"allowfullscreen\" src=\"data:image\/svg+xml;base64,PHN2ZyB3aWR0aD0iMSIgaGVpZ2h0PSIxIiB4bWxucz0iaHR0cDovL3d3dy53My5vcmcvMjAwMC9zdmciPjwvc3ZnPg==\" class=\"lazyload\" data-load-mode=\"1\"><\/iframe><\/p>\n","protected":false},"excerpt":{"rendered":"<p>La realitat virtual permet de recrear o de reproduir escenaris del m\u00f3n real mitjan\u00e7ant programes i equips especialitzats. \u00c9s un recurs t\u00e8cnic i terap\u00e8utic de gran ajut en la superaci\u00f3 de diverses pors, com l\u2019agoraf\u00f2bia, la f\u00f2bia a volar o la claustrof\u00f2bia.<\/p>\n","protected":false},"author":3439,"featured_media":55803,"comment_status":"closed","ping_status":"closed","sticky":false,"template":"","format":"standard","meta":{"_bbp_topic_count":0,"_bbp_reply_count":0,"_bbp_total_topic_count":0,"_bbp_total_reply_count":0,"_bbp_voice_count":0,"_bbp_anonymous_reply_count":0,"_bbp_topic_count_hidden":0,"_bbp_reply_count_hidden":0,"_bbp_forum_subforum_count":0,"_joinchat":[],"footnotes":""},"categories":[76],"tags":[],"class_list":["post-55796","post","type-post","status-publish","format-standard","has-post-thumbnail","hentry","category-fobias-especificas"],"yoast_head":"<!-- This site is optimized with the Yoast SEO plugin v27.5 - https:\/\/yoast.com\/product\/yoast-seo-wordpress\/ -->\n<title>Els programes de realitat virtual aplicats al tractament de la por - Cl\u00ednica de la Ansiedad<\/title>\n<meta name=\"robots\" content=\"index, follow, max-snippet:-1, max-image-preview:large, max-video-preview:-1\" \/>\n<link rel=\"canonical\" href=\"https:\/\/clinicadeansiedad.com\/ca\/problemes\/fobias-especificas\/programas-de-realidad-virtual-aplicados-al-tratamiento-del-miedo\/\" \/>\n<meta property=\"og:locale\" content=\"ca_ES\" \/>\n<meta property=\"og:type\" content=\"article\" \/>\n<meta property=\"og:title\" content=\"Els programes de realitat virtual aplicats al tractament de la por - Cl\u00ednica de la Ansiedad\" \/>\n<meta property=\"og:description\" content=\"La realitat virtual permet de recrear o de reproduir escenaris del m\u00f3n real mitjan\u00e7ant programes i equips especialitzats. \u00c9s un recurs t\u00e8cnic i terap\u00e8utic de gran ajut en la superaci\u00f3 de diverses pors, com l\u2019agoraf\u00f2bia, la f\u00f2bia a volar o la claustrof\u00f2bia.\" \/>\n<meta property=\"og:url\" content=\"https:\/\/clinicadeansiedad.com\/ca\/problemes\/fobias-especificas\/programas-de-realidad-virtual-aplicados-al-tratamiento-del-miedo\/\" \/>\n<meta property=\"og:site_name\" content=\"Cl\u00ednica de la Ansiedad\" \/>\n<meta property=\"article:published_time\" content=\"2015-09-23T01:53:28+00:00\" \/>\n<meta property=\"article:modified_time\" content=\"2024-02-19T12:57:30+00:00\" \/>\n<meta property=\"og:image\" content=\"https:\/\/clinicadeansiedad.com\/wp-content\/uploads\/2015\/09\/realidad-virtual1-300x150-1.jpg\" \/>\n\t<meta property=\"og:image:width\" content=\"300\" \/>\n\t<meta property=\"og:image:height\" content=\"150\" \/>\n\t<meta property=\"og:image:type\" content=\"image\/jpeg\" \/>\n<meta name=\"author\" content=\"Administrador\" \/>\n<meta name=\"twitter:card\" content=\"summary_large_image\" \/>\n<meta name=\"twitter:label1\" content=\"Escrit per\" \/>\n\t<meta name=\"twitter:data1\" content=\"Administrador\" \/>\n\t<meta name=\"twitter:label2\" content=\"Temps estimat de lectura\" \/>\n\t<meta name=\"twitter:data2\" content=\"3 minuts\" \/>\n<script type=\"application\/ld+json\" class=\"yoast-schema-graph\">{\"@context\":\"https:\\\/\\\/schema.org\",\"@graph\":[{\"@type\":\"Article\",\"@id\":\"https:\\\/\\\/clinicadeansiedad.com\\\/ca\\\/problemes\\\/fobias-especificas\\\/programas-de-realidad-virtual-aplicados-al-tratamiento-del-miedo\\\/#article\",\"isPartOf\":{\"@id\":\"https:\\\/\\\/clinicadeansiedad.com\\\/ca\\\/problemes\\\/fobias-especificas\\\/programas-de-realidad-virtual-aplicados-al-tratamiento-del-miedo\\\/\"},\"author\":{\"name\":\"Administrador\",\"@id\":\"https:\\\/\\\/clinicadeansiedad.com\\\/ca\\\/#\\\/schema\\\/person\\\/b3cdcb35d45b0b722091daeae11d1e6d\"},\"headline\":\"Els programes de realitat virtual aplicats al tractament de la por\",\"datePublished\":\"2015-09-23T01:53:28+00:00\",\"dateModified\":\"2024-02-19T12:57:30+00:00\",\"mainEntityOfPage\":{\"@id\":\"https:\\\/\\\/clinicadeansiedad.com\\\/ca\\\/problemes\\\/fobias-especificas\\\/programas-de-realidad-virtual-aplicados-al-tratamiento-del-miedo\\\/\"},\"wordCount\":512,\"publisher\":{\"@id\":\"https:\\\/\\\/clinicadeansiedad.com\\\/ca\\\/#organization\"},\"image\":{\"@id\":\"https:\\\/\\\/clinicadeansiedad.com\\\/ca\\\/problemes\\\/fobias-especificas\\\/programas-de-realidad-virtual-aplicados-al-tratamiento-del-miedo\\\/#primaryimage\"},\"thumbnailUrl\":\"https:\\\/\\\/clinicadeansiedad.com\\\/wp-content\\\/uploads\\\/2015\\\/09\\\/realidad-virtual1-300x150-1.jpg\",\"articleSection\":[\"F\u00f3bies espec\u00edfiques\"],\"inLanguage\":\"ca\"},{\"@type\":\"WebPage\",\"@id\":\"https:\\\/\\\/clinicadeansiedad.com\\\/ca\\\/problemes\\\/fobias-especificas\\\/programas-de-realidad-virtual-aplicados-al-tratamiento-del-miedo\\\/\",\"url\":\"https:\\\/\\\/clinicadeansiedad.com\\\/ca\\\/problemes\\\/fobias-especificas\\\/programas-de-realidad-virtual-aplicados-al-tratamiento-del-miedo\\\/\",\"name\":\"Els programes de realitat virtual aplicats al tractament de la por - Cl\u00ednica de la Ansiedad\",\"isPartOf\":{\"@id\":\"https:\\\/\\\/clinicadeansiedad.com\\\/ca\\\/#website\"},\"primaryImageOfPage\":{\"@id\":\"https:\\\/\\\/clinicadeansiedad.com\\\/ca\\\/problemes\\\/fobias-especificas\\\/programas-de-realidad-virtual-aplicados-al-tratamiento-del-miedo\\\/#primaryimage\"},\"image\":{\"@id\":\"https:\\\/\\\/clinicadeansiedad.com\\\/ca\\\/problemes\\\/fobias-especificas\\\/programas-de-realidad-virtual-aplicados-al-tratamiento-del-miedo\\\/#primaryimage\"},\"thumbnailUrl\":\"https:\\\/\\\/clinicadeansiedad.com\\\/wp-content\\\/uploads\\\/2015\\\/09\\\/realidad-virtual1-300x150-1.jpg\",\"datePublished\":\"2015-09-23T01:53:28+00:00\",\"dateModified\":\"2024-02-19T12:57:30+00:00\",\"breadcrumb\":{\"@id\":\"https:\\\/\\\/clinicadeansiedad.com\\\/ca\\\/problemes\\\/fobias-especificas\\\/programas-de-realidad-virtual-aplicados-al-tratamiento-del-miedo\\\/#breadcrumb\"},\"inLanguage\":\"ca\",\"potentialAction\":[{\"@type\":\"ReadAction\",\"target\":[\"https:\\\/\\\/clinicadeansiedad.com\\\/ca\\\/problemes\\\/fobias-especificas\\\/programas-de-realidad-virtual-aplicados-al-tratamiento-del-miedo\\\/\"]}]},{\"@type\":\"ImageObject\",\"inLanguage\":\"ca\",\"@id\":\"https:\\\/\\\/clinicadeansiedad.com\\\/ca\\\/problemes\\\/fobias-especificas\\\/programas-de-realidad-virtual-aplicados-al-tratamiento-del-miedo\\\/#primaryimage\",\"url\":\"https:\\\/\\\/clinicadeansiedad.com\\\/wp-content\\\/uploads\\\/2015\\\/09\\\/realidad-virtual1-300x150-1.jpg\",\"contentUrl\":\"https:\\\/\\\/clinicadeansiedad.com\\\/wp-content\\\/uploads\\\/2015\\\/09\\\/realidad-virtual1-300x150-1.jpg\",\"width\":300,\"height\":150},{\"@type\":\"BreadcrumbList\",\"@id\":\"https:\\\/\\\/clinicadeansiedad.com\\\/ca\\\/problemes\\\/fobias-especificas\\\/programas-de-realidad-virtual-aplicados-al-tratamiento-del-miedo\\\/#breadcrumb\",\"itemListElement\":[{\"@type\":\"ListItem\",\"position\":1,\"name\":\"Portada\",\"item\":\"https:\\\/\\\/clinicadeansiedad.com\\\/ca\\\/\"},{\"@type\":\"ListItem\",\"position\":2,\"name\":\"Els programes de realitat virtual aplicats al tractament de la por\"}]},{\"@type\":\"WebSite\",\"@id\":\"https:\\\/\\\/clinicadeansiedad.com\\\/ca\\\/#website\",\"url\":\"https:\\\/\\\/clinicadeansiedad.com\\\/ca\\\/\",\"name\":\"Cl\u00ednica de la Ansiedad\",\"description\":\"\",\"publisher\":{\"@id\":\"https:\\\/\\\/clinicadeansiedad.com\\\/ca\\\/#organization\"},\"potentialAction\":[{\"@type\":\"SearchAction\",\"target\":{\"@type\":\"EntryPoint\",\"urlTemplate\":\"https:\\\/\\\/clinicadeansiedad.com\\\/ca\\\/?s={search_term_string}\"},\"query-input\":{\"@type\":\"PropertyValueSpecification\",\"valueRequired\":true,\"valueName\":\"search_term_string\"}}],\"inLanguage\":\"ca\"},{\"@type\":\"Organization\",\"@id\":\"https:\\\/\\\/clinicadeansiedad.com\\\/ca\\\/#organization\",\"name\":\"Cl\u00ednica de la Ansiedad\",\"url\":\"https:\\\/\\\/clinicadeansiedad.com\\\/ca\\\/\",\"logo\":{\"@type\":\"ImageObject\",\"inLanguage\":\"ca\",\"@id\":\"https:\\\/\\\/clinicadeansiedad.com\\\/ca\\\/#\\\/schema\\\/logo\\\/image\\\/\",\"url\":\"https:\\\/\\\/clinicadeansiedad.com\\\/wp-content\\\/uploads\\\/2020\\\/12\\\/cropped-logo_app-1-scaled-1.jpg\",\"contentUrl\":\"https:\\\/\\\/clinicadeansiedad.com\\\/wp-content\\\/uploads\\\/2020\\\/12\\\/cropped-logo_app-1-scaled-1.jpg\",\"width\":2555,\"height\":1923,\"caption\":\"Cl\u00ednica de la Ansiedad\"},\"image\":{\"@id\":\"https:\\\/\\\/clinicadeansiedad.com\\\/ca\\\/#\\\/schema\\\/logo\\\/image\\\/\"}},{\"@type\":\"Person\",\"@id\":\"https:\\\/\\\/clinicadeansiedad.com\\\/ca\\\/#\\\/schema\\\/person\\\/b3cdcb35d45b0b722091daeae11d1e6d\",\"name\":\"Administrador\",\"image\":{\"@type\":\"ImageObject\",\"inLanguage\":\"ca\",\"@id\":\"https:\\\/\\\/secure.gravatar.com\\\/avatar\\\/7db0f1e0a7444e53f0d742f084b00f81f08ec36a092facb1f0d776e894c1d5c4?s=96&d=mm&r=g\",\"url\":\"https:\\\/\\\/secure.gravatar.com\\\/avatar\\\/7db0f1e0a7444e53f0d742f084b00f81f08ec36a092facb1f0d776e894c1d5c4?s=96&d=mm&r=g\",\"contentUrl\":\"https:\\\/\\\/secure.gravatar.com\\\/avatar\\\/7db0f1e0a7444e53f0d742f084b00f81f08ec36a092facb1f0d776e894c1d5c4?s=96&d=mm&r=g\",\"caption\":\"Administrador\"},\"url\":\"https:\\\/\\\/clinicadeansiedad.com\\\/ca\\\/author\\\/clinica-2\\\/\"}]}<\/script>\n<!-- \/ Yoast SEO plugin. -->","yoast_head_json":{"title":"Els programes de realitat virtual aplicats al tractament de la por - Cl\u00ednica de la Ansiedad","robots":{"index":"index","follow":"follow","max-snippet":"max-snippet:-1","max-image-preview":"max-image-preview:large","max-video-preview":"max-video-preview:-1"},"canonical":"https:\/\/clinicadeansiedad.com\/ca\/problemes\/fobias-especificas\/programas-de-realidad-virtual-aplicados-al-tratamiento-del-miedo\/","og_locale":"ca_ES","og_type":"article","og_title":"Els programes de realitat virtual aplicats al tractament de la por - Cl\u00ednica de la Ansiedad","og_description":"La realitat virtual permet de recrear o de reproduir escenaris del m\u00f3n real mitjan\u00e7ant programes i equips especialitzats. \u00c9s un recurs t\u00e8cnic i terap\u00e8utic de gran ajut en la superaci\u00f3 de diverses pors, com l\u2019agoraf\u00f2bia, la f\u00f2bia a volar o la claustrof\u00f2bia.","og_url":"https:\/\/clinicadeansiedad.com\/ca\/problemes\/fobias-especificas\/programas-de-realidad-virtual-aplicados-al-tratamiento-del-miedo\/","og_site_name":"Cl\u00ednica de la Ansiedad","article_published_time":"2015-09-23T01:53:28+00:00","article_modified_time":"2024-02-19T12:57:30+00:00","og_image":[{"width":300,"height":150,"url":"https:\/\/clinicadeansiedad.com\/wp-content\/uploads\/2015\/09\/realidad-virtual1-300x150-1.jpg","type":"image\/jpeg"}],"author":"Administrador","twitter_card":"summary_large_image","twitter_misc":{"Escrit per":"Administrador","Temps estimat de lectura":"3 minuts"},"schema":{"@context":"https:\/\/schema.org","@graph":[{"@type":"Article","@id":"https:\/\/clinicadeansiedad.com\/ca\/problemes\/fobias-especificas\/programas-de-realidad-virtual-aplicados-al-tratamiento-del-miedo\/#article","isPartOf":{"@id":"https:\/\/clinicadeansiedad.com\/ca\/problemes\/fobias-especificas\/programas-de-realidad-virtual-aplicados-al-tratamiento-del-miedo\/"},"author":{"name":"Administrador","@id":"https:\/\/clinicadeansiedad.com\/ca\/#\/schema\/person\/b3cdcb35d45b0b722091daeae11d1e6d"},"headline":"Els programes de realitat virtual aplicats al tractament de la por","datePublished":"2015-09-23T01:53:28+00:00","dateModified":"2024-02-19T12:57:30+00:00","mainEntityOfPage":{"@id":"https:\/\/clinicadeansiedad.com\/ca\/problemes\/fobias-especificas\/programas-de-realidad-virtual-aplicados-al-tratamiento-del-miedo\/"},"wordCount":512,"publisher":{"@id":"https:\/\/clinicadeansiedad.com\/ca\/#organization"},"image":{"@id":"https:\/\/clinicadeansiedad.com\/ca\/problemes\/fobias-especificas\/programas-de-realidad-virtual-aplicados-al-tratamiento-del-miedo\/#primaryimage"},"thumbnailUrl":"https:\/\/clinicadeansiedad.com\/wp-content\/uploads\/2015\/09\/realidad-virtual1-300x150-1.jpg","articleSection":["F\u00f3bies espec\u00edfiques"],"inLanguage":"ca"},{"@type":"WebPage","@id":"https:\/\/clinicadeansiedad.com\/ca\/problemes\/fobias-especificas\/programas-de-realidad-virtual-aplicados-al-tratamiento-del-miedo\/","url":"https:\/\/clinicadeansiedad.com\/ca\/problemes\/fobias-especificas\/programas-de-realidad-virtual-aplicados-al-tratamiento-del-miedo\/","name":"Els programes de realitat virtual aplicats al tractament de la por - Cl\u00ednica de la Ansiedad","isPartOf":{"@id":"https:\/\/clinicadeansiedad.com\/ca\/#website"},"primaryImageOfPage":{"@id":"https:\/\/clinicadeansiedad.com\/ca\/problemes\/fobias-especificas\/programas-de-realidad-virtual-aplicados-al-tratamiento-del-miedo\/#primaryimage"},"image":{"@id":"https:\/\/clinicadeansiedad.com\/ca\/problemes\/fobias-especificas\/programas-de-realidad-virtual-aplicados-al-tratamiento-del-miedo\/#primaryimage"},"thumbnailUrl":"https:\/\/clinicadeansiedad.com\/wp-content\/uploads\/2015\/09\/realidad-virtual1-300x150-1.jpg","datePublished":"2015-09-23T01:53:28+00:00","dateModified":"2024-02-19T12:57:30+00:00","breadcrumb":{"@id":"https:\/\/clinicadeansiedad.com\/ca\/problemes\/fobias-especificas\/programas-de-realidad-virtual-aplicados-al-tratamiento-del-miedo\/#breadcrumb"},"inLanguage":"ca","potentialAction":[{"@type":"ReadAction","target":["https:\/\/clinicadeansiedad.com\/ca\/problemes\/fobias-especificas\/programas-de-realidad-virtual-aplicados-al-tratamiento-del-miedo\/"]}]},{"@type":"ImageObject","inLanguage":"ca","@id":"https:\/\/clinicadeansiedad.com\/ca\/problemes\/fobias-especificas\/programas-de-realidad-virtual-aplicados-al-tratamiento-del-miedo\/#primaryimage","url":"https:\/\/clinicadeansiedad.com\/wp-content\/uploads\/2015\/09\/realidad-virtual1-300x150-1.jpg","contentUrl":"https:\/\/clinicadeansiedad.com\/wp-content\/uploads\/2015\/09\/realidad-virtual1-300x150-1.jpg","width":300,"height":150},{"@type":"BreadcrumbList","@id":"https:\/\/clinicadeansiedad.com\/ca\/problemes\/fobias-especificas\/programas-de-realidad-virtual-aplicados-al-tratamiento-del-miedo\/#breadcrumb","itemListElement":[{"@type":"ListItem","position":1,"name":"Portada","item":"https:\/\/clinicadeansiedad.com\/ca\/"},{"@type":"ListItem","position":2,"name":"Els programes de realitat virtual aplicats al tractament de la por"}]},{"@type":"WebSite","@id":"https:\/\/clinicadeansiedad.com\/ca\/#website","url":"https:\/\/clinicadeansiedad.com\/ca\/","name":"Cl\u00ednica de la Ansiedad","description":"","publisher":{"@id":"https:\/\/clinicadeansiedad.com\/ca\/#organization"},"potentialAction":[{"@type":"SearchAction","target":{"@type":"EntryPoint","urlTemplate":"https:\/\/clinicadeansiedad.com\/ca\/?s={search_term_string}"},"query-input":{"@type":"PropertyValueSpecification","valueRequired":true,"valueName":"search_term_string"}}],"inLanguage":"ca"},{"@type":"Organization","@id":"https:\/\/clinicadeansiedad.com\/ca\/#organization","name":"Cl\u00ednica de la Ansiedad","url":"https:\/\/clinicadeansiedad.com\/ca\/","logo":{"@type":"ImageObject","inLanguage":"ca","@id":"https:\/\/clinicadeansiedad.com\/ca\/#\/schema\/logo\/image\/","url":"https:\/\/clinicadeansiedad.com\/wp-content\/uploads\/2020\/12\/cropped-logo_app-1-scaled-1.jpg","contentUrl":"https:\/\/clinicadeansiedad.com\/wp-content\/uploads\/2020\/12\/cropped-logo_app-1-scaled-1.jpg","width":2555,"height":1923,"caption":"Cl\u00ednica de la Ansiedad"},"image":{"@id":"https:\/\/clinicadeansiedad.com\/ca\/#\/schema\/logo\/image\/"}},{"@type":"Person","@id":"https:\/\/clinicadeansiedad.com\/ca\/#\/schema\/person\/b3cdcb35d45b0b722091daeae11d1e6d","name":"Administrador","image":{"@type":"ImageObject","inLanguage":"ca","@id":"https:\/\/secure.gravatar.com\/avatar\/7db0f1e0a7444e53f0d742f084b00f81f08ec36a092facb1f0d776e894c1d5c4?s=96&d=mm&r=g","url":"https:\/\/secure.gravatar.com\/avatar\/7db0f1e0a7444e53f0d742f084b00f81f08ec36a092facb1f0d776e894c1d5c4?s=96&d=mm&r=g","contentUrl":"https:\/\/secure.gravatar.com\/avatar\/7db0f1e0a7444e53f0d742f084b00f81f08ec36a092facb1f0d776e894c1d5c4?s=96&d=mm&r=g","caption":"Administrador"},"url":"https:\/\/clinicadeansiedad.com\/ca\/author\/clinica-2\/"}]}},"featured_image_src":"https:\/\/clinicadeansiedad.com\/wp-content\/uploads\/2015\/09\/realidad-virtual1-300x150-1.jpg","featured_image_src_square":"https:\/\/clinicadeansiedad.com\/wp-content\/uploads\/2015\/09\/realidad-virtual1-300x150-1.jpg","author_info":{"display_name":"Administrador","author_link":"https:\/\/clinicadeansiedad.com\/ca\/author\/clinica-2\/"},"category_info":"<a href=\"https:\/\/clinicadeansiedad.com\/ca\/problemes\/fobias-especificas\/\" rel=\"category tag\">F\u00f3bies espec\u00edfiques<\/a>","tags_info":"","social_share_info":"<a data-share=\"facebook\" href=\"https:\/\/www.facebook.com\/sharer.php?u=https:\/\/clinicadeansiedad.com\/ca\/problemes\/fobias-especificas\/programas-de-realidad-virtual-aplicados-al-tratamiento-del-miedo\/\" class=\"pl-facebook-share social-share-default pl-social-share\" target=\"_blank\"><i class=\"fab fa-facebook-f\" aria-hidden=\"true\"><\/i><\/a><a data-share=\"twitter\" href=\"https:\/\/twitter.com\/share?url=https:\/\/clinicadeansiedad.com\/ca\/problemes\/fobias-especificas\/programas-de-realidad-virtual-aplicados-al-tratamiento-del-miedo\/\" class=\"pl-twiiter-share social-share-default pl-social-share\" target=\"_blank\"><i class=\"fab fa-twitter\" aria-hidden=\"true\"><\/i><\/a><a data-share=\"linkedin\" href=\"https:\/\/www.linkedin.com\/shareArticle?url=https:\/\/clinicadeansiedad.com\/ca\/problemes\/fobias-especificas\/programas-de-realidad-virtual-aplicados-al-tratamiento-del-miedo\/\" class=\"pl-linkedin-share social-share-default pl-social-share\" target=\"_blank\"><i class=\"fab fa-linkedin-in\" aria-hidden=\"true\"><\/i><\/a>","wordExcerpt_info":"<p>La realitat virtual permet de recrear o de reproduir escenaris del m\u00f3n real mitjan\u00e7ant programes i equips especialitzats. \u00c9s un recurs t\u00e8cnic i terap\u00e8utic de gran ajut en la superaci\u00f3 de diverses pors, com l\u2019agoraf\u00f2bia, la f\u00f2bia a volar o la claustrof\u00f2bia.<\/p>\n","comment_info":"No Comments","_links":{"self":[{"href":"https:\/\/clinicadeansiedad.com\/ca\/wp-json\/wp\/v2\/posts\/55796","targetHints":{"allow":["GET"]}}],"collection":[{"href":"https:\/\/clinicadeansiedad.com\/ca\/wp-json\/wp\/v2\/posts"}],"about":[{"href":"https:\/\/clinicadeansiedad.com\/ca\/wp-json\/wp\/v2\/types\/post"}],"author":[{"embeddable":true,"href":"https:\/\/clinicadeansiedad.com\/ca\/wp-json\/wp\/v2\/users\/3439"}],"replies":[{"embeddable":true,"href":"https:\/\/clinicadeansiedad.com\/ca\/wp-json\/wp\/v2\/comments?post=55796"}],"version-history":[{"count":2,"href":"https:\/\/clinicadeansiedad.com\/ca\/wp-json\/wp\/v2\/posts\/55796\/revisions"}],"predecessor-version":[{"id":55805,"href":"https:\/\/clinicadeansiedad.com\/ca\/wp-json\/wp\/v2\/posts\/55796\/revisions\/55805"}],"wp:featuredmedia":[{"embeddable":true,"href":"https:\/\/clinicadeansiedad.com\/ca\/wp-json\/wp\/v2\/media\/55803"}],"wp:attachment":[{"href":"https:\/\/clinicadeansiedad.com\/ca\/wp-json\/wp\/v2\/media?parent=55796"}],"wp:term":[{"taxonomy":"category","embeddable":true,"href":"https:\/\/clinicadeansiedad.com\/ca\/wp-json\/wp\/v2\/categories?post=55796"},{"taxonomy":"post_tag","embeddable":true,"href":"https:\/\/clinicadeansiedad.com\/ca\/wp-json\/wp\/v2\/tags?post=55796"}],"curies":[{"name":"wp","href":"https:\/\/api.w.org\/{rel}","templated":true}]}}