{"id":55166,"date":"2022-01-04T16:27:19","date_gmt":"2022-01-04T16:27:19","guid":{"rendered":"https:\/\/clinicadeansiedad.com\/uncategorized-ca\/lansietat-un-model-explicatiu\/"},"modified":"2024-02-19T12:56:49","modified_gmt":"2024-02-19T12:56:49","slug":"ansiedad-modelo-explicativo","status":"publish","type":"post","link":"https:\/\/clinicadeansiedad.com\/ca\/problemes\/introduccion\/ansiedad-modelo-explicativo\/","title":{"rendered":"L\u2019ansietat: Un model explicatiu"},"content":{"rendered":"<p>&nbsp;<\/p>\n<p><em><span class=\"color_azul\">&#8220;La relaci\u00f3 amb la realitat \u00e9s conflictiva perqu\u00e8 som activament dins d\u2019ella o, millor, som part d\u2019ella, i en ella l\u2019\u00e9sser hum\u00e0 desitja respecte dels objectes i, per tant, ha de modificar-la, a la qual cosa la realitat es resisteix. L\u2019\u00e9sser hum\u00e0 vol el que no t\u00e9 i all\u00f2 que t\u00e9, t\u00e9 por de perdre-ho<\/span><\/em>.&#8221;<\/p>\n<p>Carlos Castilla del Pino, a <em>Teor\u00eda de los sentimientos<\/em><\/p>\n<p>&nbsp;<\/p>\n<p><span class=\"tit_azul\">Introducci\u00f3<\/span><\/p>\n<p>La conducta de la persona \u00e9s motivada: implica activaci\u00f3 (intensitat) i direcci\u00f3 (aproximaci\u00f3-evitaci\u00f3). Les emocions, l\u2019ansietat entre elles, reflecteixen la relaci\u00f3 entre els motius (necessitats) i l\u2019\u00e8xit, o probabilitat d\u2019\u00e8xit, en el moment de realitzar la conducta apropiada per obtenir l\u2019objecte o la meta que satisfaci aquesta necessitat (Palmero, 1996).<\/p>\n<p><span class=\"color_azul\"> Segons la relaci\u00f3 necessitats-mitjans-conducta-\u00e8xit, s\u2019origina una emoci\u00f3 o una altra \u2013ansietat, depressi\u00f3, etc.-.<\/span> Posem-ne un exemple. Imaginem que som en el per\u00edode de prova d\u2019una feina que constitueix una oportunitat important per desenvolupar la nostra carrera professional. Aquesta feina, a m\u00e9s, ens permetr\u00e0 obtenir uns ingressos amb els quals podrem dur a terme el pagament d\u2019algunes necessitats perempt\u00f2ries \u2013alimentaci\u00f3, habitatge, cotxe- i ens atorgar\u00e0 prestigi social en el nostre medi. La nostra meta \u00e9s demostrar que som la persona adequada per al c\u00e0rrec i aconseguir-lo de manera definitiva. Les nostres accions (activaci\u00f3 i conducta) estaran orientades (direcci\u00f3) a aconseguir aquest objectiu utilitzant els mitjans i els recursos m\u00e9s convenients. Si els nostres plans es veuen amena\u00e7ats \u2013hem com\u00e8s algun error, ens manca alguna habilitat, el cap ha q\u00fcestionat alguna de les nostres decisions, per exemple- \u00e9s molt probable que la nostra resposta emocional sigui de por, d\u2019inseguretat o d\u2019ansietat davant del risc de no aconseguir l\u2019\u00e8xit pel que fa als nostres prop\u00f2sits.<\/p>\n<p>Si finalment el que succe\u00eds fos que efectivament fracass\u00e9ssim, \u00e9s molt probable que la nostra reacci\u00f3 emocional fos de tipus depressiu, de manera que sentir\u00edem tristesa, des\u00e0nim, culpa i desgana davant de nous intents. Panksepp (1991) considera les emocions com a determinats tipus de processos sincronitzadors o coordinadors que es produeixen al cervell i que activen tend\u00e8ncies particulars d\u2019acci\u00f3. Aix\u00ed, l\u2019ansietat probablement tendir\u00e0 a propiciar accions defensives \u2013atac, fugida, preparaci\u00f3 de mitjans i suports, combativitat-, mentre que la depressi\u00f3 segurament facilitar\u00e0 la desactivaci\u00f3 de plans, la autocr\u00edtica i el q\u00fcestionament de les nostres capacitats, la desconfian\u00e7a en els nostres recursos, el desinter\u00e8s, el retra\u00efment, etc.<\/p>\n<p><span class=\"color_azul\"> L\u2019ansietat \u00e9s una emoci\u00f3 caracteritzada pels sentiments de por, de temor, d\u2019aprensi\u00f3, de inseguretat, com a conseq\u00fc\u00e8ncia del fet que l\u2019individu sent amena\u00e7ats els seus interessos, disposa de mitjans insuficients, t\u00e9 dificultats per realitzar les conductes adequades, desconfia de les seves capacitats, se sent insatisfet amb l\u2019\u00e8xit obtingut o t\u00e9 problemes per mantenir aquests assoliments.<\/span><\/p>\n<p>Quan hi ha una proporcionalitat entre els mitjans-recursos amb qu\u00e8 una persona compta (o aquesta sap recon\u00e8ixer) i les exig\u00e8ncies-condicionants del medi als quals ha d\u2019enfrontar-se, l\u2019individu t\u00e9 la percepci\u00f3 de control dels problemes i de les dificultats, i, per extensi\u00f3, de la seva conducta i dels seus plans. Quan no \u00e9s aix\u00ed, la persona se sent desbordada, a merc\u00e8 de les circumst\u00e0ncies. La percepci\u00f3 de falta de control, sia del medi intern o de l\u2019extern, activa una disposici\u00f3 de l\u2019organisme cap a un tipus espec\u00edfic d\u2019accions i actituds relacionades amb la defensa, amb la recerca de seguretat, amb la prevenci\u00f3 o amb l\u2019atac, a trav\u00e9s de conductes espec\u00edfiques d\u2019afrontament de la situaci\u00f3.<\/p>\n<p>Si les conductes d\u2019afrontament s\u00f3n efectives, es restableix de nou el control \u2013l\u2019antic o un de nou- i es torna a la normalitat; si no, \u00e9s probable que es multipliquin les dificultats i s\u2019incrementi progressivament l\u2019ansietat. Els prop\u00f2sits que donen sentit i direccionalitat a les accions, i els processos d\u2019avaluaci\u00f3 que, en el cas de l\u2019ansietat, cataloguen una situaci\u00f3 com a amena\u00e7ant quant a aquests prop\u00f2sits o metes, no sempre s\u00f3n conscients o no ho s\u00f3n en la seva totalitat. Alguns processos s\u00f3n autom\u00e0tics (movem la m\u00e0 de manera reflexa si s\u2019apropa una vespa o si ho fa simplement un objecte estrany que encara no hem identificat) o s\u2019han automatitzat (condu\u00efm sense parar atenci\u00f3 constantment a la destinaci\u00f3 ni als procediments que cal seguir per dur a terme les operacions i les maniobres que realitzem).<\/p>\n<p>Si recordem una altra vegada la definici\u00f3 d\u2019ansietat \u2013alerta de l\u2019organisme davant de situacions que es consideren amena\u00e7ants- se\u2019ns planteja la q\u00fcesti\u00f3 de com l\u2019organisme qualifica una situaci\u00f3 com a amena\u00e7ant; \u00e9s a dir, com processa la informaci\u00f3 a partir de la qual s\u2019ha de generar o no l\u2019estat d\u2019alerta i les respostes que corresponguin al cas. En el processament de la informaci\u00f3 vinculat a la percepci\u00f3 de riscos, hi participen, coordinadament, algunes \u00e0rees cerebrals responsables de les respostes emocionals b\u00e0siques \u2013t\u00e0lem, am\u00edgdala- i l\u2019escor\u00e7a cerebral.<\/p>\n<p>Aquest <span class=\"tit_azul\">processament es produeix en tres etapes<\/span> (Beck y Clark, 1997):<\/p>\n<ul>\n<li><span class=\"color_azul\"> 1.\u00aa etapa: Avaluaci\u00f3 inicial de l\u2019amena\u00e7a<\/span>. S\u2019esdev\u00e9 un reconeixement autom\u00e0tic i instantani dels est\u00edmuls i aquests es classifiquen com a amena\u00e7ants o no. Aquest proc\u00e9s consumeix pocs recursos atencionals i permet el processament paral\u00b7lel d\u2019altres plans o informacions.<\/li>\n<li><span class=\"color_azul\">2.\u00aa etapa: Activaci\u00f3 primitiva davant l\u2019amena\u00e7a<\/span>. Despr\u00e9s de l\u2019evid\u00e8ncia inicial de perill, s\u2019activen les respostes cognitives, emocionals, fisiol\u00f2giques i conductuals caracter\u00edstiques de l\u2019ansietat. Aquesta segona etapa, que inclou les respostes de fugida o de posar-se fora de perill, tamb\u00e9 \u00e9s autom\u00e0tica, r\u00edgida, no racional i totalment o parcialment inconscient. La persona nom\u00e9s \u00e9s conscient dels resultats d\u2019aquesta avaluaci\u00f3 primitiva de l\u2019amena\u00e7a; \u00e9s a dir, dels efectes fisiol\u00f2gics, emocionals i conductuals que se\u2019n deriven, i dels pensaments autom\u00e0tics que l\u2019acompanyen. El processament de la informaci\u00f3 caracter\u00edstic d\u2019aquesta etapa consumeix molts recursos atencionals. Es produeix, a m\u00e9s, intoler\u00e0ncia a la incertesa i una sobrevaloraci\u00f3 del dany i de la probabilitat que aquest es produeixi.<\/li>\n<li><span class=\"color_azul\"> 3.\u00aa etapa: Pensament reflexiu<\/span>. La persona pot raonar els seus pensaments i els seus prop\u00f2sits, i avaluar l\u2019exactitud de la seva valoraci\u00f3 inicial d\u2019amena\u00e7a i la disponibilitat i la efic\u00e0cia dels seus recursos per afrontar-la. \u00c9s un processament de la informaci\u00f3 m\u00e9s complex, lent, racional i conscient.<\/li>\n<\/ul>\n<p>El model de processament de la informaci\u00f3 que acabem d\u2019explicar encaixa amb formulacions neurobiol\u00f2giques como la de LeDoux (1999). Segons LeDoux, els senyals o est\u00edmuls f\u00f2bics es processen inicialment al t\u00e0lem, des d\u2019on es transmet una informaci\u00f3 prim\u00e0ria a l\u2019am\u00edgdala i, des d\u2019aquesta, al sistema nervi\u00f3s aut\u00f2nom i a altres centres nerviosos. Aquesta transmissi\u00f3, rapid\u00edssima, permet un canvi en la focalitzaci\u00f3 de l\u2019atenci\u00f3 i una resposta accelerada d\u2019escapada o de recerca de seguretat \u2013aquest proc\u00e9s correspondria a les etapes 1.\u00aa i 2.\u00aa citades amb anterioritat-. Simult\u00e0niament, l\u2019escor\u00e7a cerebral rep del t\u00e0lem una informaci\u00f3 m\u00e9s completa i m\u00e9s conscient del problema, cosa que li permet fer-se\u2019n una representaci\u00f3 m\u00e9s precisa \u2013etapa 3.\u00aa-. Aquesta informaci\u00f3 es trasllada tamb\u00e9 a l\u2019am\u00edgdala, des d\u2019on s\u2019envia de nou al sistema nervi\u00f3s aut\u00f2nom i a altres centres.<\/p>\n<p>El fet que la informaci\u00f3 viatgi per una via m\u00e9s r\u00e0pida, m\u00e9s curta i m\u00e9s directa del t\u00e0lem a l\u2019am\u00edgdala, abans que aquesta \u00faltima rebi la informaci\u00f3 processada per l\u2019escor\u00e7a cerebral, \u00e9s probable que permeti que les respostes emocionals s\u2019inici\u00efn a l\u2019am\u00edgdala abans que la persona sigui conscient de l\u2019est\u00edmul, intern o extern, que la fa reaccionar. Des de l\u2019escor\u00e7a cerebral tamb\u00e9 podrien sortir informacions cap al sistema neuroendocr\u00ed, el qual, a trav\u00e9s de les hormones, participa, a mig termini sobretot, en les respostes de l\u2019organisme davant l\u2019ansietat i l\u2019estr\u00e8s.<\/p>\n<p><span class=\"color_azul\">Per\u00f2 la informaci\u00f3 no nom\u00e9s viatja de dalt a baix, sin\u00f3 que tamb\u00e9 ho fa de baix a dalt<\/span>. Aix\u00f2 implica que l\u2019activaci\u00f3 emocional que es reflecteix a les v\u00edsceres \u2013cor, pulm\u00f3, est\u00f3mac- i als m\u00fasculs pot influir i condicionar l\u2019activitat dels processos cognitius superiors. De la mateixa manera que els pensaments amena\u00e7ants poden activar respostes aut\u00f2nomes que preparen l\u2019organisme per a la defensa, la sobreestimulaci\u00f3\/sobreactivaci\u00f3 perif\u00e8rica pot activar el pensament, que mira de buscar o suposar possibles perills. \u00c9s a dir, pensaments amena\u00e7ants fan que l\u2019organisme s\u2019activi per defensar-se, per\u00f2 l\u2019activaci\u00f3 defensiva pr\u00f2pia de les etapes 1.\u00aa i 2.\u00aa citades amb anterioritat pot fer que el cervell conscient tracti d\u2019indagar d\u2019on ve el perill que est\u00e0 pressentint. Aix\u00f2 podria explicar, tamb\u00e9, com \u00e9s que els s\u00edmptomes d\u2019ansietat poden convertir-se en font d\u2019ansietat i preocupaci\u00f3.<\/p>\n<p>Referent a les estrat\u00e8gies contraproduents d\u2019afrontament de l\u2019ansietat, la majoria dels procediments que cal seguir estan relacionats amb els processos caracter\u00edstics de la etapa o del nivell de processament tres, ja que els nivells un i dos s\u00f3n menys accessibles pel que fa al control directe i voluntari per part de la persona. El nivell tres de processament est\u00e0 estretament lligat als processos cognitius i operatius de l\u2019individu, molts dels quals s\u00f3n conscients i intencionals, com a m\u00ednim en part.<\/p>\n<p><span class=\"tit_azul\"> Un esquema d\u2019interrelaci\u00f3 de les variables operatives per a l\u2019estudi de l\u2019ansietat<\/span><\/p>\n<p><img fetchpriority=\"high\" decoding=\"async\" class=\"size-medium wp-image-43134 aligncenter\" src=\"https:\/\/clinicadeansiedad.com\/wp-content\/uploads\/2015\/09\/Esquema-variables-ansiedad-300x201.jpg\" alt=\"esquema-variables-ansiedad\" width=\"300\" height=\"201\"><\/p>\n<p>Esquema &nbsp;que &nbsp;representa la interrelaci\u00f3 de les variables operatives per a l\u2019estudi de l\u2019ansietat, les definicions de les quals podrien ser les seg\u00fcents:<\/p>\n<ul>\n<li><span class=\"color_azul\"> Amena\u00e7a<\/span>. Fa refer\u00e8ncia a aquells danys, a aquelles p\u00e8rdues o a aquells obstacles que poden alterar negativament els plans, els interessos, els assoliments o l\u2019estat de l\u2019individu.<\/li>\n<li><span class=\"color_azul\">Anticipaci\u00f3<\/span>. Fa al\u00b7lusi\u00f3 a un proc\u00e9s cognitiu d\u2019avaluaci\u00f3 d\u2019un succ\u00e9s que encara no ha tingut lloc, en relaci\u00f3 amb el qual l\u2019individu calcula possibles riscos, com es produiran o no i com es podrien prevenir o afrontar.<\/li>\n<li><span class=\"color_azul\">Reacci\u00f3 psicobiol\u00f2gica<\/span>. Sobreactivaci\u00f3 i sobreestimulaci\u00f3 internes de l\u2019organisme davant una situaci\u00f3 considerada amena\u00e7ant.<\/li>\n<li><span class=\"color_azul\">Afrontament<\/span>. Esfor\u00e7os cognitius i conductuals que es duen a terme per fer cara a les demandes espec\u00edfiques, internes o externes, que s\u00f3n avaluades com a amena\u00e7ants o b\u00e9 com a excedents o desbordants dels recursos del subjecte.<\/li>\n<li><span class=\"color_azul\">Resultats<\/span>. S\u00f3n les conseq\u00fc\u00e8ncies, adaptatives o no, de l\u2019afrontament de la situaci\u00f3 amena\u00e7ant i tenen repercussi\u00f3 en els estats-processos afectius, efectius i fisiol\u00f2gics de l\u2019organisme.<\/li>\n<\/ul>\n<p><span class=\"color_azul\"> L\u2019ansietat no \u00e9s assimilable, exclusivament, a una variable ni a una relaci\u00f3 particular entre aquestes, sin\u00f3 al conjunt de totes elles com a sistema. <\/span><\/p>\n<p>L\u2019afrontament efectiu dels riscos o dels obstacles que poden amena\u00e7ar els assoliments pretesos o el manteniment d\u2019aquells que ja es tenen o s\u2019han aconseguit -statu quo- i que es volen conservar, redueix l\u2019ansietat o la desactiva. L\u2019afrontament no efectiu intensifica l\u2019ansietat. A mesura que un projecte o un assoliment es degraden i l\u2019activaci\u00f3 fisiol\u00f2gica i la psicol\u00f2gica arriben a l\u00edmits propis d\u2019un trastorn, l\u2019ansietat compromet, obstaculitza o degrada \u2013en una paraula, amena\u00e7a- la continu\u00eftat d\u2019altres plans inicialment no problematitzats, de manera que comen\u00e7a aix\u00ed un proc\u00e9s de generalitzaci\u00f3, o reaccions en cadena, que retroalimenta l\u2019ansietat negativament, ja que l\u2019individu veu els seus recursos progressivament m\u00e9s desbordats i el seu benestar redu\u00eft o convertit en malestar.<\/p>\n<p>__________<\/p>\n<p><span class=\"color_azul\">Fon<\/span><strong>t<\/strong>: Baeza Villarroel, J.C. (2008). &#8220;<span class=\"enlace_azul\"><a href=\"https:\/\/clinicadeansiedad.com\/soluciones-y-recursos\/libros-de-la-clinica-de-la-ansiedad\/higiene-y-prevencion-de-la-ansiedad\/\" target=\"nueva\" rel=\"noopener\">Higiene y prevenci\u00f3n de la ansiedad<\/a><\/span>&#8220;. Madrid: D\u00edaz de Santos.&nbsp;Cl\u00ednica de l&#8217;Ansietat, especialistes en&nbsp;Barcelona i Madrid.<\/p>\n<p><span class=\"color_azul\">V\u00eddeo: <em>Fisiolog\u00eda del estr\u00e9s<\/em>. Programa Redes.TV2<\/span><\/p>\n<p><iframe data-src=\"https:\/\/www.youtube.com\/embed\/ZOry9zwSWLY\" width=\"420\" height=\"315\" frameborder=\"0\" allowfullscreen=\"allowfullscreen\" src=\"data:image\/svg+xml;base64,PHN2ZyB3aWR0aD0iMSIgaGVpZ2h0PSIxIiB4bWxucz0iaHR0cDovL3d3dy53My5vcmcvMjAwMC9zdmciPjwvc3ZnPg==\" class=\"lazyload\" data-load-mode=\"1\"><\/iframe><\/p>\n<p><span class=\"color_azul\">Altres v\u00eddeos relacionats<\/span><\/p>\n<ul>\n<li><em><span class=\"enlace_azul\"><a href=\"https:\/\/www.youtube.com\/watch?v=NAw8hhfNzNg\" target=\"_blank\" rel=\"noopener noreferrer\"> Am\u00edgdala versus l\u00f3bulo frontal<\/a><\/span><\/em><\/li>\n<li><span class=\"enlace_azul\"><em><span style=\"text-decoration: underline;\"><a href=\"https:\/\/canal.uned.es\/mmobj\/index\/id\/7783\" target=\"_blank\" rel=\"noopener noreferrer\">El miedo I (UNED_RTVE2)<\/a><\/span><\/em><\/span><\/li>\n<li><em><span style=\"text-decoration: underline;\"><span class=\"enlace_azul\"><a href=\"https:\/\/canal.uned.es\/mmobj\/index\/id\/12591\" target=\"_blank\" rel=\"noopener noreferrer\">El miedo II (UNED-RTVE2)<\/a><\/span><\/span><\/em><\/li>\n<\/ul>\n","protected":false},"excerpt":{"rendered":"<p>L\u2019ansietat no dep\u00e8n exclusivament d\u2019un factor, sin\u00f3 d\u2019un conjunt de variables que actuen com un tot i que es posen en marxa davant d\u2019una situaci\u00f3 que la persona concep com a amena\u00e7ant.<\/p>\n","protected":false},"author":3439,"featured_media":55145,"comment_status":"closed","ping_status":"closed","sticky":false,"template":"","format":"standard","meta":{"_bbp_topic_count":0,"_bbp_reply_count":0,"_bbp_total_topic_count":0,"_bbp_total_reply_count":0,"_bbp_voice_count":0,"_bbp_anonymous_reply_count":0,"_bbp_topic_count_hidden":0,"_bbp_reply_count_hidden":0,"_bbp_forum_subforum_count":0,"_joinchat":[],"footnotes":""},"categories":[71],"tags":[],"class_list":["post-55166","post","type-post","status-publish","format-standard","has-post-thumbnail","hentry","category-introduccion"],"yoast_head":"<!-- This site is optimized with the Yoast SEO plugin v27.5 - https:\/\/yoast.com\/product\/yoast-seo-wordpress\/ -->\n<title>L\u2019ansietat: Un model explicatiu - Cl\u00ednica de la Ansiedad<\/title>\n<meta name=\"robots\" content=\"index, follow, max-snippet:-1, max-image-preview:large, max-video-preview:-1\" \/>\n<link rel=\"canonical\" href=\"https:\/\/clinicadeansiedad.com\/ca\/problemes\/introduccion\/ansiedad-modelo-explicativo\/\" \/>\n<meta property=\"og:locale\" content=\"ca_ES\" \/>\n<meta property=\"og:type\" content=\"article\" \/>\n<meta property=\"og:title\" content=\"L\u2019ansietat: Un model explicatiu - Cl\u00ednica de la Ansiedad\" \/>\n<meta property=\"og:description\" content=\"L\u2019ansietat no dep\u00e8n exclusivament d\u2019un factor, sin\u00f3 d\u2019un conjunt de variables que actuen com un tot i que es posen en marxa davant d\u2019una situaci\u00f3 que la persona concep com a amena\u00e7ant.\" \/>\n<meta property=\"og:url\" content=\"https:\/\/clinicadeansiedad.com\/ca\/problemes\/introduccion\/ansiedad-modelo-explicativo\/\" \/>\n<meta property=\"og:site_name\" content=\"Cl\u00ednica de la Ansiedad\" \/>\n<meta property=\"article:published_time\" content=\"2022-01-04T16:27:19+00:00\" \/>\n<meta property=\"article:modified_time\" content=\"2024-02-19T12:56:49+00:00\" \/>\n<meta property=\"og:image\" content=\"https:\/\/clinicadeansiedad.com\/wp-content\/uploads\/2015\/09\/Ansiedad-y-solucion-de-problemas.jpg\" \/>\n\t<meta property=\"og:image:width\" content=\"900\" \/>\n\t<meta property=\"og:image:height\" content=\"380\" \/>\n\t<meta property=\"og:image:type\" content=\"image\/jpeg\" \/>\n<meta name=\"author\" content=\"Administrador\" \/>\n<meta name=\"twitter:card\" content=\"summary_large_image\" \/>\n<meta name=\"twitter:label1\" content=\"Escrit per\" \/>\n\t<meta name=\"twitter:data1\" content=\"Administrador\" \/>\n\t<meta name=\"twitter:label2\" content=\"Temps estimat de lectura\" \/>\n\t<meta name=\"twitter:data2\" content=\"8 minuts\" \/>\n<script type=\"application\/ld+json\" class=\"yoast-schema-graph\">{\"@context\":\"https:\\\/\\\/schema.org\",\"@graph\":[{\"@type\":\"Article\",\"@id\":\"https:\\\/\\\/clinicadeansiedad.com\\\/ca\\\/problemes\\\/introduccion\\\/ansiedad-modelo-explicativo\\\/#article\",\"isPartOf\":{\"@id\":\"https:\\\/\\\/clinicadeansiedad.com\\\/ca\\\/problemes\\\/introduccion\\\/ansiedad-modelo-explicativo\\\/\"},\"author\":{\"name\":\"Administrador\",\"@id\":\"https:\\\/\\\/clinicadeansiedad.com\\\/ca\\\/#\\\/schema\\\/person\\\/b3cdcb35d45b0b722091daeae11d1e6d\"},\"headline\":\"L\u2019ansietat: Un model explicatiu\",\"datePublished\":\"2022-01-04T16:27:19+00:00\",\"dateModified\":\"2024-02-19T12:56:49+00:00\",\"mainEntityOfPage\":{\"@id\":\"https:\\\/\\\/clinicadeansiedad.com\\\/ca\\\/problemes\\\/introduccion\\\/ansiedad-modelo-explicativo\\\/\"},\"wordCount\":2047,\"publisher\":{\"@id\":\"https:\\\/\\\/clinicadeansiedad.com\\\/ca\\\/#organization\"},\"image\":{\"@id\":\"https:\\\/\\\/clinicadeansiedad.com\\\/ca\\\/problemes\\\/introduccion\\\/ansiedad-modelo-explicativo\\\/#primaryimage\"},\"thumbnailUrl\":\"https:\\\/\\\/clinicadeansiedad.com\\\/wp-content\\\/uploads\\\/2015\\\/09\\\/Ansiedad-y-solucion-de-problemas.jpg\",\"articleSection\":[\"Introducci\u00f3\"],\"inLanguage\":\"ca\"},{\"@type\":\"WebPage\",\"@id\":\"https:\\\/\\\/clinicadeansiedad.com\\\/ca\\\/problemes\\\/introduccion\\\/ansiedad-modelo-explicativo\\\/\",\"url\":\"https:\\\/\\\/clinicadeansiedad.com\\\/ca\\\/problemes\\\/introduccion\\\/ansiedad-modelo-explicativo\\\/\",\"name\":\"L\u2019ansietat: Un model explicatiu - Cl\u00ednica de la Ansiedad\",\"isPartOf\":{\"@id\":\"https:\\\/\\\/clinicadeansiedad.com\\\/ca\\\/#website\"},\"primaryImageOfPage\":{\"@id\":\"https:\\\/\\\/clinicadeansiedad.com\\\/ca\\\/problemes\\\/introduccion\\\/ansiedad-modelo-explicativo\\\/#primaryimage\"},\"image\":{\"@id\":\"https:\\\/\\\/clinicadeansiedad.com\\\/ca\\\/problemes\\\/introduccion\\\/ansiedad-modelo-explicativo\\\/#primaryimage\"},\"thumbnailUrl\":\"https:\\\/\\\/clinicadeansiedad.com\\\/wp-content\\\/uploads\\\/2015\\\/09\\\/Ansiedad-y-solucion-de-problemas.jpg\",\"datePublished\":\"2022-01-04T16:27:19+00:00\",\"dateModified\":\"2024-02-19T12:56:49+00:00\",\"breadcrumb\":{\"@id\":\"https:\\\/\\\/clinicadeansiedad.com\\\/ca\\\/problemes\\\/introduccion\\\/ansiedad-modelo-explicativo\\\/#breadcrumb\"},\"inLanguage\":\"ca\",\"potentialAction\":[{\"@type\":\"ReadAction\",\"target\":[\"https:\\\/\\\/clinicadeansiedad.com\\\/ca\\\/problemes\\\/introduccion\\\/ansiedad-modelo-explicativo\\\/\"]}]},{\"@type\":\"ImageObject\",\"inLanguage\":\"ca\",\"@id\":\"https:\\\/\\\/clinicadeansiedad.com\\\/ca\\\/problemes\\\/introduccion\\\/ansiedad-modelo-explicativo\\\/#primaryimage\",\"url\":\"https:\\\/\\\/clinicadeansiedad.com\\\/wp-content\\\/uploads\\\/2015\\\/09\\\/Ansiedad-y-solucion-de-problemas.jpg\",\"contentUrl\":\"https:\\\/\\\/clinicadeansiedad.com\\\/wp-content\\\/uploads\\\/2015\\\/09\\\/Ansiedad-y-solucion-de-problemas.jpg\",\"width\":900,\"height\":380},{\"@type\":\"BreadcrumbList\",\"@id\":\"https:\\\/\\\/clinicadeansiedad.com\\\/ca\\\/problemes\\\/introduccion\\\/ansiedad-modelo-explicativo\\\/#breadcrumb\",\"itemListElement\":[{\"@type\":\"ListItem\",\"position\":1,\"name\":\"Portada\",\"item\":\"https:\\\/\\\/clinicadeansiedad.com\\\/ca\\\/\"},{\"@type\":\"ListItem\",\"position\":2,\"name\":\"L\u2019ansietat: Un model explicatiu\"}]},{\"@type\":\"WebSite\",\"@id\":\"https:\\\/\\\/clinicadeansiedad.com\\\/ca\\\/#website\",\"url\":\"https:\\\/\\\/clinicadeansiedad.com\\\/ca\\\/\",\"name\":\"Cl\u00ednica de la Ansiedad\",\"description\":\"\",\"publisher\":{\"@id\":\"https:\\\/\\\/clinicadeansiedad.com\\\/ca\\\/#organization\"},\"potentialAction\":[{\"@type\":\"SearchAction\",\"target\":{\"@type\":\"EntryPoint\",\"urlTemplate\":\"https:\\\/\\\/clinicadeansiedad.com\\\/ca\\\/?s={search_term_string}\"},\"query-input\":{\"@type\":\"PropertyValueSpecification\",\"valueRequired\":true,\"valueName\":\"search_term_string\"}}],\"inLanguage\":\"ca\"},{\"@type\":\"Organization\",\"@id\":\"https:\\\/\\\/clinicadeansiedad.com\\\/ca\\\/#organization\",\"name\":\"Cl\u00ednica de la Ansiedad\",\"url\":\"https:\\\/\\\/clinicadeansiedad.com\\\/ca\\\/\",\"logo\":{\"@type\":\"ImageObject\",\"inLanguage\":\"ca\",\"@id\":\"https:\\\/\\\/clinicadeansiedad.com\\\/ca\\\/#\\\/schema\\\/logo\\\/image\\\/\",\"url\":\"https:\\\/\\\/clinicadeansiedad.com\\\/wp-content\\\/uploads\\\/2020\\\/12\\\/cropped-logo_app-1-scaled-1.jpg\",\"contentUrl\":\"https:\\\/\\\/clinicadeansiedad.com\\\/wp-content\\\/uploads\\\/2020\\\/12\\\/cropped-logo_app-1-scaled-1.jpg\",\"width\":2555,\"height\":1923,\"caption\":\"Cl\u00ednica de la Ansiedad\"},\"image\":{\"@id\":\"https:\\\/\\\/clinicadeansiedad.com\\\/ca\\\/#\\\/schema\\\/logo\\\/image\\\/\"}},{\"@type\":\"Person\",\"@id\":\"https:\\\/\\\/clinicadeansiedad.com\\\/ca\\\/#\\\/schema\\\/person\\\/b3cdcb35d45b0b722091daeae11d1e6d\",\"name\":\"Administrador\",\"image\":{\"@type\":\"ImageObject\",\"inLanguage\":\"ca\",\"@id\":\"https:\\\/\\\/secure.gravatar.com\\\/avatar\\\/7db0f1e0a7444e53f0d742f084b00f81f08ec36a092facb1f0d776e894c1d5c4?s=96&d=mm&r=g\",\"url\":\"https:\\\/\\\/secure.gravatar.com\\\/avatar\\\/7db0f1e0a7444e53f0d742f084b00f81f08ec36a092facb1f0d776e894c1d5c4?s=96&d=mm&r=g\",\"contentUrl\":\"https:\\\/\\\/secure.gravatar.com\\\/avatar\\\/7db0f1e0a7444e53f0d742f084b00f81f08ec36a092facb1f0d776e894c1d5c4?s=96&d=mm&r=g\",\"caption\":\"Administrador\"},\"url\":\"https:\\\/\\\/clinicadeansiedad.com\\\/ca\\\/author\\\/clinica-2\\\/\"}]}<\/script>\n<!-- \/ Yoast SEO plugin. -->","yoast_head_json":{"title":"L\u2019ansietat: Un model explicatiu - Cl\u00ednica de la Ansiedad","robots":{"index":"index","follow":"follow","max-snippet":"max-snippet:-1","max-image-preview":"max-image-preview:large","max-video-preview":"max-video-preview:-1"},"canonical":"https:\/\/clinicadeansiedad.com\/ca\/problemes\/introduccion\/ansiedad-modelo-explicativo\/","og_locale":"ca_ES","og_type":"article","og_title":"L\u2019ansietat: Un model explicatiu - Cl\u00ednica de la Ansiedad","og_description":"L\u2019ansietat no dep\u00e8n exclusivament d\u2019un factor, sin\u00f3 d\u2019un conjunt de variables que actuen com un tot i que es posen en marxa davant d\u2019una situaci\u00f3 que la persona concep com a amena\u00e7ant.","og_url":"https:\/\/clinicadeansiedad.com\/ca\/problemes\/introduccion\/ansiedad-modelo-explicativo\/","og_site_name":"Cl\u00ednica de la Ansiedad","article_published_time":"2022-01-04T16:27:19+00:00","article_modified_time":"2024-02-19T12:56:49+00:00","og_image":[{"width":900,"height":380,"url":"https:\/\/clinicadeansiedad.com\/wp-content\/uploads\/2015\/09\/Ansiedad-y-solucion-de-problemas.jpg","type":"image\/jpeg"}],"author":"Administrador","twitter_card":"summary_large_image","twitter_misc":{"Escrit per":"Administrador","Temps estimat de lectura":"8 minuts"},"schema":{"@context":"https:\/\/schema.org","@graph":[{"@type":"Article","@id":"https:\/\/clinicadeansiedad.com\/ca\/problemes\/introduccion\/ansiedad-modelo-explicativo\/#article","isPartOf":{"@id":"https:\/\/clinicadeansiedad.com\/ca\/problemes\/introduccion\/ansiedad-modelo-explicativo\/"},"author":{"name":"Administrador","@id":"https:\/\/clinicadeansiedad.com\/ca\/#\/schema\/person\/b3cdcb35d45b0b722091daeae11d1e6d"},"headline":"L\u2019ansietat: Un model explicatiu","datePublished":"2022-01-04T16:27:19+00:00","dateModified":"2024-02-19T12:56:49+00:00","mainEntityOfPage":{"@id":"https:\/\/clinicadeansiedad.com\/ca\/problemes\/introduccion\/ansiedad-modelo-explicativo\/"},"wordCount":2047,"publisher":{"@id":"https:\/\/clinicadeansiedad.com\/ca\/#organization"},"image":{"@id":"https:\/\/clinicadeansiedad.com\/ca\/problemes\/introduccion\/ansiedad-modelo-explicativo\/#primaryimage"},"thumbnailUrl":"https:\/\/clinicadeansiedad.com\/wp-content\/uploads\/2015\/09\/Ansiedad-y-solucion-de-problemas.jpg","articleSection":["Introducci\u00f3"],"inLanguage":"ca"},{"@type":"WebPage","@id":"https:\/\/clinicadeansiedad.com\/ca\/problemes\/introduccion\/ansiedad-modelo-explicativo\/","url":"https:\/\/clinicadeansiedad.com\/ca\/problemes\/introduccion\/ansiedad-modelo-explicativo\/","name":"L\u2019ansietat: Un model explicatiu - Cl\u00ednica de la Ansiedad","isPartOf":{"@id":"https:\/\/clinicadeansiedad.com\/ca\/#website"},"primaryImageOfPage":{"@id":"https:\/\/clinicadeansiedad.com\/ca\/problemes\/introduccion\/ansiedad-modelo-explicativo\/#primaryimage"},"image":{"@id":"https:\/\/clinicadeansiedad.com\/ca\/problemes\/introduccion\/ansiedad-modelo-explicativo\/#primaryimage"},"thumbnailUrl":"https:\/\/clinicadeansiedad.com\/wp-content\/uploads\/2015\/09\/Ansiedad-y-solucion-de-problemas.jpg","datePublished":"2022-01-04T16:27:19+00:00","dateModified":"2024-02-19T12:56:49+00:00","breadcrumb":{"@id":"https:\/\/clinicadeansiedad.com\/ca\/problemes\/introduccion\/ansiedad-modelo-explicativo\/#breadcrumb"},"inLanguage":"ca","potentialAction":[{"@type":"ReadAction","target":["https:\/\/clinicadeansiedad.com\/ca\/problemes\/introduccion\/ansiedad-modelo-explicativo\/"]}]},{"@type":"ImageObject","inLanguage":"ca","@id":"https:\/\/clinicadeansiedad.com\/ca\/problemes\/introduccion\/ansiedad-modelo-explicativo\/#primaryimage","url":"https:\/\/clinicadeansiedad.com\/wp-content\/uploads\/2015\/09\/Ansiedad-y-solucion-de-problemas.jpg","contentUrl":"https:\/\/clinicadeansiedad.com\/wp-content\/uploads\/2015\/09\/Ansiedad-y-solucion-de-problemas.jpg","width":900,"height":380},{"@type":"BreadcrumbList","@id":"https:\/\/clinicadeansiedad.com\/ca\/problemes\/introduccion\/ansiedad-modelo-explicativo\/#breadcrumb","itemListElement":[{"@type":"ListItem","position":1,"name":"Portada","item":"https:\/\/clinicadeansiedad.com\/ca\/"},{"@type":"ListItem","position":2,"name":"L\u2019ansietat: Un model explicatiu"}]},{"@type":"WebSite","@id":"https:\/\/clinicadeansiedad.com\/ca\/#website","url":"https:\/\/clinicadeansiedad.com\/ca\/","name":"Cl\u00ednica de la Ansiedad","description":"","publisher":{"@id":"https:\/\/clinicadeansiedad.com\/ca\/#organization"},"potentialAction":[{"@type":"SearchAction","target":{"@type":"EntryPoint","urlTemplate":"https:\/\/clinicadeansiedad.com\/ca\/?s={search_term_string}"},"query-input":{"@type":"PropertyValueSpecification","valueRequired":true,"valueName":"search_term_string"}}],"inLanguage":"ca"},{"@type":"Organization","@id":"https:\/\/clinicadeansiedad.com\/ca\/#organization","name":"Cl\u00ednica de la Ansiedad","url":"https:\/\/clinicadeansiedad.com\/ca\/","logo":{"@type":"ImageObject","inLanguage":"ca","@id":"https:\/\/clinicadeansiedad.com\/ca\/#\/schema\/logo\/image\/","url":"https:\/\/clinicadeansiedad.com\/wp-content\/uploads\/2020\/12\/cropped-logo_app-1-scaled-1.jpg","contentUrl":"https:\/\/clinicadeansiedad.com\/wp-content\/uploads\/2020\/12\/cropped-logo_app-1-scaled-1.jpg","width":2555,"height":1923,"caption":"Cl\u00ednica de la Ansiedad"},"image":{"@id":"https:\/\/clinicadeansiedad.com\/ca\/#\/schema\/logo\/image\/"}},{"@type":"Person","@id":"https:\/\/clinicadeansiedad.com\/ca\/#\/schema\/person\/b3cdcb35d45b0b722091daeae11d1e6d","name":"Administrador","image":{"@type":"ImageObject","inLanguage":"ca","@id":"https:\/\/secure.gravatar.com\/avatar\/7db0f1e0a7444e53f0d742f084b00f81f08ec36a092facb1f0d776e894c1d5c4?s=96&d=mm&r=g","url":"https:\/\/secure.gravatar.com\/avatar\/7db0f1e0a7444e53f0d742f084b00f81f08ec36a092facb1f0d776e894c1d5c4?s=96&d=mm&r=g","contentUrl":"https:\/\/secure.gravatar.com\/avatar\/7db0f1e0a7444e53f0d742f084b00f81f08ec36a092facb1f0d776e894c1d5c4?s=96&d=mm&r=g","caption":"Administrador"},"url":"https:\/\/clinicadeansiedad.com\/ca\/author\/clinica-2\/"}]}},"featured_image_src":"https:\/\/clinicadeansiedad.com\/wp-content\/uploads\/2015\/09\/Ansiedad-y-solucion-de-problemas.jpg","featured_image_src_square":"https:\/\/clinicadeansiedad.com\/wp-content\/uploads\/2015\/09\/Ansiedad-y-solucion-de-problemas.jpg","author_info":{"display_name":"Administrador","author_link":"https:\/\/clinicadeansiedad.com\/ca\/author\/clinica-2\/"},"category_info":"<a href=\"https:\/\/clinicadeansiedad.com\/ca\/problemes\/introduccion\/\" rel=\"category tag\">Introducci\u00f3<\/a>","tags_info":"","social_share_info":"<a data-share=\"facebook\" href=\"https:\/\/www.facebook.com\/sharer.php?u=https:\/\/clinicadeansiedad.com\/ca\/problemes\/introduccion\/ansiedad-modelo-explicativo\/\" class=\"pl-facebook-share social-share-default pl-social-share\" target=\"_blank\"><i class=\"fab fa-facebook-f\" aria-hidden=\"true\"><\/i><\/a><a data-share=\"twitter\" href=\"https:\/\/twitter.com\/share?url=https:\/\/clinicadeansiedad.com\/ca\/problemes\/introduccion\/ansiedad-modelo-explicativo\/\" class=\"pl-twiiter-share social-share-default pl-social-share\" target=\"_blank\"><i class=\"fab fa-twitter\" aria-hidden=\"true\"><\/i><\/a><a data-share=\"linkedin\" href=\"https:\/\/www.linkedin.com\/shareArticle?url=https:\/\/clinicadeansiedad.com\/ca\/problemes\/introduccion\/ansiedad-modelo-explicativo\/\" class=\"pl-linkedin-share social-share-default pl-social-share\" target=\"_blank\"><i class=\"fab fa-linkedin-in\" aria-hidden=\"true\"><\/i><\/a>","wordExcerpt_info":"<p>L\u2019ansietat no dep\u00e8n exclusivament d\u2019un factor, sin\u00f3 d\u2019un conjunt de variables que actuen com un tot i que es posen en marxa davant d\u2019una situaci\u00f3 que la persona concep com a amena\u00e7ant.<\/p>\n","comment_info":"No Comments","_links":{"self":[{"href":"https:\/\/clinicadeansiedad.com\/ca\/wp-json\/wp\/v2\/posts\/55166","targetHints":{"allow":["GET"]}}],"collection":[{"href":"https:\/\/clinicadeansiedad.com\/ca\/wp-json\/wp\/v2\/posts"}],"about":[{"href":"https:\/\/clinicadeansiedad.com\/ca\/wp-json\/wp\/v2\/types\/post"}],"author":[{"embeddable":true,"href":"https:\/\/clinicadeansiedad.com\/ca\/wp-json\/wp\/v2\/users\/3439"}],"replies":[{"embeddable":true,"href":"https:\/\/clinicadeansiedad.com\/ca\/wp-json\/wp\/v2\/comments?post=55166"}],"version-history":[{"count":1,"href":"https:\/\/clinicadeansiedad.com\/ca\/wp-json\/wp\/v2\/posts\/55166\/revisions"}],"predecessor-version":[{"id":55178,"href":"https:\/\/clinicadeansiedad.com\/ca\/wp-json\/wp\/v2\/posts\/55166\/revisions\/55178"}],"wp:featuredmedia":[{"embeddable":true,"href":"https:\/\/clinicadeansiedad.com\/ca\/wp-json\/wp\/v2\/media\/55145"}],"wp:attachment":[{"href":"https:\/\/clinicadeansiedad.com\/ca\/wp-json\/wp\/v2\/media?parent=55166"}],"wp:term":[{"taxonomy":"category","embeddable":true,"href":"https:\/\/clinicadeansiedad.com\/ca\/wp-json\/wp\/v2\/categories?post=55166"},{"taxonomy":"post_tag","embeddable":true,"href":"https:\/\/clinicadeansiedad.com\/ca\/wp-json\/wp\/v2\/tags?post=55166"}],"curies":[{"name":"wp","href":"https:\/\/api.w.org\/{rel}","templated":true}]}}