{"id":55164,"date":"2022-01-04T16:26:13","date_gmt":"2022-01-04T16:26:13","guid":{"rendered":"https:\/\/clinicadeansiedad.com\/uncategorized-ca\/lansietat-i-la-personalitat\/"},"modified":"2024-02-19T12:57:21","modified_gmt":"2024-02-19T12:57:21","slug":"ansiedad-y-personalidad","status":"publish","type":"post","link":"https:\/\/clinicadeansiedad.com\/ca\/problemes\/introduccion\/ansiedad-y-personalidad\/","title":{"rendered":"L\u2019ansietat i la personalitat"},"content":{"rendered":"<p><span class=\"tit_azul\"> Introducci\u00f3<\/span><\/p>\n<p>La personalitat \u00e9s el patr\u00f3 de pensaments, sentiments i conductes que presenta una persona i que persisteix al llarg de tota la vida i en situacions diverses. La personalitat \u00e9s estable en el temps i en les situacions; aix\u00f2 implica que tendim a comportar-nos de manera similar en contextos diferents i en diversos moments de la vida.<\/p>\n<p>Els trets s\u00f3n els atributs o les caracter\u00edstiques de la personalitat. Segons les teories psicol\u00f2giques, n\u2019hi ha molts. A m\u00e9s, hi ha autors que anomenen de maneres diferents caracter\u00edstiques de la personalitat que s\u00f3n similars o fins i tot les mateixes. Els trets m\u00e9s coneguts s\u00f3n: extraversi\u00f3 o afecte positiu (positive emotionality or positive affect), neuroticisme o afecte negatiu (negative emotionality or negative affect), psicoticisme, perfeccionisme, etc. Una persona extravertida busca la companyia dels altres i en gaudeix, prefereix fer activitats en grup que de manera individual, t\u00e9 habilitats socials i \u00e9s una persona activa, amb energia, entusiasta. Una persona introvertida (el pol oposat) prefereix dur a terme activitats en solitari o amb poques persones i tendeix a ser m\u00e9s inhibida, m\u00e9s reflexiva, m\u00e9s cautelosa, etc. Cadascun dels trets i els seus contraris se situen en els extrems d\u2019un cont\u00ednuum, de manera que les persones ens diferenciem les unes de les altres en el grau en qu\u00e8 presentem cada tret. Les persones amb un alt grau de neuroticisme (considerat per alguns autors sin\u00f2nim d\u2019ansietat tret) mostren tend\u00e8ncia a la por, a la tensi\u00f3, a la preocupaci\u00f3. S\u00f3n persones emocionalment inestables, que tenen sentiments de tristesa, de solitud o d\u2019ira amb freq\u00fc\u00e8ncia. Les persones amb un grau baix de neuroticisme gaudeixen d\u2019estabilitat emocional, s\u00f3n tranquil\u00b7les i estan segures de si mateixes.<\/p>\n<p>Es considera que la personalitat pren la seva forma al llarg del temps a partir de les experi\u00e8ncies viscudes. No obstant aix\u00f2, determinades caracter\u00edstiques de la personalitat apareixen ja durant els primers anys de vida. La part innata de la personalitat s\u2019anomena temperament. Podr\u00edem dir que el temperament \u00e9s el substrat biol\u00f2gic-gen\u00e8tic de la nostra manera de ser, l\u2019equipatge que porten incorporat els nens quan neixen.<\/p>\n<p><span class=\"tit_azul\"> Relaci\u00f3 entre la personalitat i la psicopatologia<\/span><\/p>\n<p>La nostra conducta est\u00e0 determinada per la interacci\u00f3 entre els factors biol\u00f2gics, els ambientals i la nostra personalitat. La manera com ens comportem en un moment determinat dep\u00e8n de la situaci\u00f3 en qu\u00e8 ens trobem i de com siguem. La nostra personalitat determina, com a m\u00ednim en part, com reaccionem davant d\u2019una situaci\u00f3. Vegem-ne un exemple. En un bar, un desconegut comen\u00e7a a parlar-nos. Una persona extravertida probablement iniciar\u00e0 una conversa amb ell. En canvi, una persona introvertida intentar\u00e0 eludir les preguntes o deixar\u00e0 clar d\u2019alguna manera que no vol continuar parlant.<\/p>\n<p>\u00d2bviament, les experi\u00e8ncies que ja hem viscut influeixen en el nostre comportament i l\u2019aprenentatge de conductes m\u00e9s adaptatives pot fer que no sempre ens comportem de la mateixa manera. Si continuem amb l\u2019exemple, una persona introvertida pot fer l\u2019esfor\u00e7 de comportar-se m\u00e9s obertament si ha apr\u00e8s que aquesta manera d\u2019actuar li reporta algun tipus de benefici (facilitar el contacte social, millorar l\u2019autoestima, etc.). A m\u00e9s de repercutir en el nostre comportament, es considera que el temperament i les caracter\u00edstiques de la personalitat influeixen en l\u2019aparici\u00f3 de problemes psicol\u00f2gics. Per exemple, el temperament dif\u00edcil dels nens s\u2019ha associat a l\u2019aparici\u00f3 de problemes de comportament (agressivitat, desafiament als adults, robatoris, etc.). Molts estudis suggereixen que el temperament dif\u00edcil del nen (un nen irritable, amb dificultats per adaptar-se als canvis, amb problemes per establir una regularitat en els<span style=\"text-decoration: underline;\"><span class=\"enlace_azul\"><a href=\"https:\/\/clinicadeansiedad.com\/soluciones-y-recursos\/prevencion-de-la-ansiedad\/habitos-de-consumo-y-ansiedad\/\" target=\"_blank\" rel=\"noopener noreferrer\"> h\u00e0bits d\u2019alimentaci\u00f3<\/a><\/span><\/span>, d\u2019higiene i de son&#8230;) podria tenir una interacci\u00f3 amb la <span style=\"text-decoration: underline;\"><span class=\"enlace_azul\"><a href=\"https:\/\/clinicadeansiedad.com\/soluciones-y-recursos\/prevencion-de-la-ansiedad\/educando-a-los-ninos-para-prevenir-la-ansiedad\/\" target=\"_blank\" rel=\"noopener noreferrer\">manera d\u2019educar-lo dels pares<\/a><\/span><\/span> (s\u00f3n autoritaris, l\u2019escridassen, utilitzen c\u00e0stigs f\u00edsics, s\u00f3n inconsistents i poc ferms a l\u2019hora d\u2019aplicar els c\u00e0stigs o s\u00f3n incapa\u00e7os de posar l\u00edmits), cosa que t\u00e9 com a conseq\u00fc\u00e8ncia un problema de comportament. \u00c9s clar que el temperament dif\u00edcil del nen no condueix de manera invariable a un problema de comportament; calen unes circumst\u00e0ncies determinades en l\u2019ambient (que els pares l\u2019eduquin de manera autorit\u00e0ria, per exemple) perqu\u00e8 s\u2019observi aquest resultat.<\/p>\n<p>Altres estudis assenyalen que el neuroticisme est\u00e0 molt relacionat amb els trastorns emocionals. S\u2019ha observat que un bon nombre d\u2019individus que pateixen depressi\u00f3 tenen graus elevats de neuroticisme i es considera que presentar aquest tret de la personalitat pot fer que es tingui predisposici\u00f3 per a aquest tipus de problema psicol\u00f2gic.<\/p>\n<p><span class=\"tit_azul\"> Relaci\u00f3 entre la personalitat i l\u2019ansietat<\/span><\/p>\n<p>La relaci\u00f3 entre les caracter\u00edstiques de la personalitat i l\u2019ansietat ha estat molt estudiada. Concretament, s\u2019han investigat les relacions entre:<\/p>\n<ul>\n<li><span class=\"color_azul\">Trets de la personalitat y trastorns d\u2019ansietat<\/span>: S\u2019han analitzat les relacions m\u00e9s o menys espec\u00edfiques entre determinades caracter\u00edstiques de la personalitat i diversos trastorns d\u2019ansietat, tenint en compte que aquests trets podrien predisposar els individus que els tenen en grau elevat a patir aquests trastorns.<\/li>\n<li><span class=\"color_azul\">Trastorns d\u2019ansietat i trastorns de la personalitat<\/span>: S\u2019han estudiat les relacions m\u00e9s o menys espec\u00edfiques entre els trastorns d\u2019ansietat i els de la personalitat, prenent, en alguns casos, els primers com a predisposants per als segons.<\/li>\n<\/ul>\n<p><span class=\"color_azul\"> Trets de la personalitat i trastorns d\u2019ansietat<\/span><\/p>\n<p>En molts casos, les persones que pateixen un trastorn d\u2019ansietat s\u00f3n vistes pels altres com persones molt ansioses. Aix\u00f2 \u00e9s diferent de la reacci\u00f3 m\u00e9s o menys adaptativa que una persona pot tenir davant una situaci\u00f3 amena\u00e7ant. En el primer cas, diem que aquest individu \u00e9s ansi\u00f3s; en el segon, que est\u00e0 ansi\u00f3s. Cal distingir entre ansietat tret i ansietat estat. L\u2019<span class=\"color_azul\">ansietat tret<\/span> \u00e9s una caracter\u00edstica de la personalitat relativament estable (al llarg del temps i en diverses situacions). El tret d\u2019ansietat fa refer\u00e8ncia a la tend\u00e8ncia de l\u2019individu a reaccionar de manera ansiosa. Al\u00b7ludeix a la predisposici\u00f3 de l\u2019individu per percebre les situacions com a perilloses o com a amena\u00e7ants i a la tend\u00e8ncia a respondre-hi amb ansietat.<\/p>\n<p>Les persones m\u00e9s ansioses tenen un tret d\u2019ansietat molt marcat, de manera que tenen tend\u00e8ncia a percebre un gran nombre de situacions com a perilloses o com a amena\u00e7ants i a respondre-hi amb estats d\u2019ansietat de gran intensitat.<\/p>\n<p>L\u2019<span class=\"color_azul\">ansietat esta<\/span>t fa refer\u00e8ncia a un estat emocional transitori i fluctuant al llarg del temps. El grau d\u2019elevaci\u00f3 de l\u2019estat d\u2019ansietat hauria de ser alt en circumst\u00e0ncies que el subjecte percebi com a amena\u00e7ants i baix en situacions no amena\u00e7ants o en circumst\u00e0ncies en qu\u00e8, tot i haver-hi perill, aquest no es percep com a amena\u00e7ant. Ambd\u00f3s conceptes estan relacionats. Una persona amb un elevat grau d\u2019ansietat tret presenta, per regla general, una ansietat estat tamb\u00e9 elevada. No obstant aix\u00f2, una persona amb un baix grau d\u2019ansietat tret pot tenir, de manera puntual, reaccions d\u2019ansietat d\u2019intensitat elevada davant situacions que percebi com a amena\u00e7ants (ansietat estat). Aix\u00ed, per exemple, una persona amb un baix grau d\u2019ansietat tret pot sentir-se ansiosa davant la immin\u00e8ncia d\u2019un examen. En canvi, una persona amb un elevat grau d\u2019ansietat tret no nom\u00e9s estar\u00e0 nerviosa en aquesta situaci\u00f3, sin\u00f3 que tamb\u00e9 ho estar\u00e0 en moltes d\u2019altres.<\/p>\n<p>Segons molts autors,<span class=\"color_azul\"> l\u2019ansietat tret \u00e9s la caracter\u00edstica de la personalitat subjacent a molts trastorns d\u2019ansietat<\/span>. \u00c9s a dir, \u00e9s probable que moltes persones que pateixen un trastorn d\u2019ansietat tinguin un alt grau d\u2019ansietat tret. Es tracta d\u2019una caracter\u00edstica de la personalitat amb una important c\u00e0rrega gen\u00e8tica i es creu que podria estar implicada en la incrementada vulnerabilitat a patir trastorns d\u2019ansietat i de depressi\u00f3 que tenen aquestes persones. Per a alguns autors, la manifestaci\u00f3 m\u00e9s pura d\u2019un elevat grau d\u2019ansietat tret \u00e9s el trastorn d\u2019ansietat generalitzada (TAG).<\/p>\n<p>Els trastorns d\u2019ansietat tamb\u00e9 tenen en com\u00fa un altre tret de la personalitat:<span class=\"color_azul\"> l\u2019evitaci\u00f3 del dany<\/span> (harm avoidance). Alguns autors relacionen aquest tret amb una caracter\u00edstica temperamental que s\u2019observa ja en nens molt petits: la inhibici\u00f3 conductual. Les persones amb una inhibici\u00f3 conductual o una evitaci\u00f3 del dany altes acostumen a evitar est\u00edmuls nous o no familiars i a comportar-se de manera inhibida davant d\u2019ells; acostumen a reaccionar amb retra\u00efment (no s\u2019apropen a l\u2019est\u00edmul desconegut, se n\u2019allunyen). S\u00f3n persones cauteloses, tenses, que es fatiguen amb facilitat, t\u00edmides, aprensives i pessimistes. Aix\u00ed, per exemple, un nen amb un grau elevat d\u2019inhibici\u00f3 conductual es mostra poruc davant persones desconegudes i acostuma a evitar les situacions socials en qu\u00e8 ha d\u2019establir relaci\u00f3 amb individus que no coneix (o aquelles en qu\u00e8 no hi ha un cuidador o un familiar). Molts estudis han associat aquest tret temperamental en els primers anys de vida amb la pres\u00e8ncia de f\u00f2bia social en la inf\u00e0ncia, en l\u2019adolesc\u00e8ncia o en l\u2019edat adulta. Com assenyal\u00e0vem en un altre par\u00e0graf d\u2019aquest article, presentar aquest tret o aquest temperament no condueix de manera invariable a patir f\u00f2bia social. Els individus que presenten aquest trastorn d\u2019ansietat poden haver estat mancats de models de conducta assertiva (per exemple, els seus pares poden ser tamb\u00e9 t\u00edmids) o no haver viscut experi\u00e8ncies que els ensenyin a comportar-se d\u2019una altra manera.<\/p>\n<p><span class=\"color_azul\">L\u2019evitaci\u00f3 del dany tamb\u00e9 s\u2019ha associat al <\/span><span style=\"text-decoration: underline;\"><span class=\"enlace_azul\"><a href=\"https:\/\/clinicadeansiedad.com\/problemas\/crisis-de-panico-y-agorafobia\/sintomas-de-la-crisis-de-angustia-o-trastorno-de-panico-criterios-diagnosticos-segun-las-clasificaciones-internacionales\/\" target=\"_blank\" rel=\"noopener noreferrer\">trastorn de p\u00e0nic<\/a><\/span><\/span>. Alguns estudis suggereixen que les persones amb atacs de p\u00e0nic podrien tenir uns trets temperamentals comuns que podrien ser anteriors a l\u2019aparici\u00f3 del trastorn: &#8211; Elevada activitat del sistema nervi\u00f3s simp\u00e0tic, amb s\u00edmptomes com les palpitacions, la suor, la dispnea, etc. Aquests s\u00edmptomes es presenten de manera espor\u00e0dica abans de l\u2019aparici\u00f3 del primer atac de p\u00e0nic.<\/p>\n<ul>\n<li>Por excessiva de patir una malaltia.<\/li>\n<li>Hipersensibilitat a la separaci\u00f3. S\u00f3n persones dependents, amb necessitat de sentir-se protegits o de protegir els seus \u00e9ssers estimats, presenten una forta uni\u00f3 amb els familiars.<\/li>\n<li>Dificultat per allunyar-se de llocs coneguts.<\/li>\n<li>Els costa adaptar-se als canvis i a les novetats, no acostumen a establir-se gaire lluny del seu lloc d\u2019origen i de les persones que coneixen.<\/li>\n<li>Necessitat de seguretat. Necessiten que alg\u00fa els tranquil\u00b7litzi, que els asseguri que all\u00f2 que temen no passar\u00e0.<\/li>\n<li>S\u00f3n persones molt preocupades per la salut i les malalties, amb una important hipervigil\u00e0ncia de les sensacions corporals.<\/li>\n<\/ul>\n<p><span class=\"color_azul\">A m\u00e9s de l\u2019evitaci\u00f3 del dany, altres caracter\u00edstiques de la personalitat podrien actuar com a predisposants espec\u00edfics del<\/span><span style=\"text-decoration: underline;\"><span class=\"enlace_azul\"> <a href=\"https:\/\/clinicadeansiedad.com\/problemas\/obsesiones\/sintomas-del-trastorno-obsesivo-compulsivo-toc-criterios-diagnosticos-segun-las-clasificaciones-internacionales\/\" target=\"_blank\" rel=\"noopener noreferrer\">trastorn obsessivocompulsiu<\/a><\/span><\/span> (TOC). Les persones amb aquest problema acostumen a ser perfeccionistes, r\u00edgides i inflexibles. S\u00f3n persones que dediquen molt temps a repetir les mateixes tasques fins que el resultat arriba a ser perfecte, tenen problemes per adaptar-se als canvis i per adoptar altres punts de vista. La seva estabilitat emocional dep\u00e8n del control, de la rutina i de l\u2019ordre. Alguns autors assenyalen que aquestes caracter\u00edstiques de la personalitat no han de ser anteriors necess\u00e0riament a l\u2019aparici\u00f3 del trastorn.<\/p>\n<p>La majoria dels estudis que examinen la relaci\u00f3 entre la personalitat i l\u2019ansietat s\u00f3n transversals (avaluen les caracter\u00edstiques de la personalitat i la pres\u00e8ncia del trastorn en el mateix moment) o utilitzen un disseny retrospectiu (demanen a les persones que presenten el trastorn com eren abans de la seva aparici\u00f3). Els estudis longitudinals examinats (primer avaluen la personalitat i despr\u00e9s si apareix o no el trastorn) tampoc no produeixen resultats concloents. Per aix\u00f2, en aquests moments es desconeix si els trets de la personalitat antecedeixen en el temps la pres\u00e8ncia d\u2019un problema d\u2019ansietat o ambdues coses apareixen de manera simult\u00e0nia. Fins i tot hi ha autors que afirmen que algunes d\u2019aquestes caracter\u00edstiques o d\u2019aquests trets podrien veure\u2019s afectats pel curs del trastorn. Per exemple, les persones amb atacs de p\u00e0nic poden tornar-se m\u00e9s aprensives i m\u00e9s hipervigilants pel que fa als s\u00edmptomes f\u00edsics a causa de la seva malaltia.<\/p>\n<p><span class=\"tit_azul\"> Trastorns d\u2019ansietat i trastorns de la personalitat <\/span><\/p>\n<p>Diversos estudis assenyalen que un percentatge elevat de persones que pateixen trastorns d\u2019ansietat presenten tamb\u00e9 un trastorn de la personalitat. Un trastorn de la personalitat es defineix com un patr\u00f3 estable i inflexible de comportament que suposa malestar o danys per al subjecte o per a les persones que l\u2019envolten. Podr\u00edem dir que una persona presenta un trastorn de la personalitat quan t\u00e9 determinades caracter\u00edstiques de la personalitat en un grau molt elevat i, a causa d\u2019aix\u00f2, t\u00e9 greus problemes en diversos \u00e0mbits de la vida (el familiar, el social, el laboral, etc.).<\/p>\n<p><span class=\"color_azul\">Els trastorns de la personalitat es diagnostiquen principalment en adolescents i en adults. En nens no es diagnostiquen aquests problemes perqu\u00e8 es considera que la personalitat encara no est\u00e0 formada<\/span>. Alguns estudis suggereixen que els trastorns de la personalitat poden apar\u00e8ixer amb posterioritat als trastorns d\u2019ansietat. De fet, alguns autors creuen que els trets i els trastorns de la personalitat es podrien situar en diferents punts d\u2019un cont\u00ednuum. Per exemple, una persona pot ser t\u00edmida i introvertida, pot tenir f\u00f2bia social o pot presentar un trastorn evitatiu de la personalitat. Sota aquest punt de vista, aquest trastorn de la personalitat se situa en l\u2019extrem m\u00e9s greu i m\u00e9s intens de la introversi\u00f3. En altres treballs, en canvi, s\u2019ha descrit que els trastorns de la personalitat podrien ser previs i influir negativament en la aparici\u00f3 d\u2019un trastorn d\u2019ansietat.<\/p>\n<p><span class=\"color_azul\">Els trastorns d\u2019ansietat que s\u2019han associat amb m\u00e9s freq\u00fc\u00e8ncia a un trastorn de la personalitat s\u00f3n el <a href=\"https:\/\/clinicadeansiedad.com\/problemas\/ansiedad-generalizada\/sintomas-ansiedad-generalizada-tag-criterios-diagnosticos-segun-las-clasificaciones-internacionales\/\" target=\"_blank\" rel=\"noopener noreferrer\">trastorn <\/a><\/span><span style=\"text-decoration: underline;\"><span class=\"enlace_azul\"><a href=\"https:\/\/clinicadeansiedad.com\/problemas\/ansiedad-generalizada\/sintomas-ansiedad-generalizada-tag-criterios-diagnosticos-segun-las-clasificaciones-internacionales\/\" target=\"_blank\" rel=\"noopener noreferrer\">d\u2019ansietat generalitzada<\/a><\/span><\/span><span class=\"color_azul\"> i la <\/span><span style=\"text-decoration: underline;\"><span class=\"enlace_azul\"><a href=\"https:\/\/clinicadeansiedad.com\/problemas\/fobia-social\/sintomas-de-la-fobia-social-criterios-diagnosticos-segun-las-clasificaciones-internacionales\/\" target=\"_blank\" rel=\"noopener noreferrer\">f\u00f2bia social<\/a><\/span><\/span>. Tamb\u00e9 les persones amb un trastorn d\u2019angoixa (pres\u00e8ncia d\u2019atacs de p\u00e0nic) o amb un trastorn obsessivocompulsiu (TOC) poden presentar comorbiditat amb aquests trastorns. En canvi, \u00e9s molt poc probable que una f\u00f2bia espec\u00edfica (tenir por dels insectes, de pujar en un ascensor o de fer-ho a l\u2019avi\u00f3) es vegi acompanyada d\u2019un trastorn de la personalitat.<\/p>\n<p>Els trastorns de la personalitat que amb m\u00e9s freq\u00fc\u00e8ncia s\u2019associen als trastorns d\u2019ansietat s\u00f3n: el trastorn evitatiu de la personalitat, el trastorn obsessivocompulsiu de la personalitat, el trastorn l\u00edmit o borderline de la personalitat i el trastorn de la personalitat per depend\u00e8ncia. Vegem breument en qu\u00e8 consisteix cadascun d\u2019ells:<\/p>\n<ul>\n<li><span class=\"color_azul\">Trastorn evitatiu de la personalitat<\/span>: Les persones amb aquests trastorn presenten un grau molt elevat d\u2019inhibici\u00f3 social, sentiments d\u2019incompet\u00e8ncia i molta susceptibilitat a l\u2019avaluaci\u00f3 negativa. Aquestes persones acostumen a evitar les relacions socials, i poden fins i tot arribar a no treballar si fer-ho implica contacte amb altres persones. Els preocupa de manera exagerada ser criticats o rebutjats en situacions socials, se senten incompetents i inferiors als altres, i tenen molta por de fer el rid\u00edcul. Es tracta d\u2019un trastorn molt m\u00e9s greu i molt m\u00e9s cr\u00f2nic que la f\u00f2bia social i, per aix\u00f2, m\u00e9s dif\u00edcil de superar.<\/li>\n<li><span class=\"color_azul\">Trastorn obsessivocompulsiu de la personalitat<\/span>: Les persones amb aquest trastorn es preocupen sobre manera per l\u2019ordre, el perfeccionisme i el control. Intenten mantenir la sensaci\u00f3 de control amb una atenci\u00f3 extrema a les normes, a les regles, a les llistes, als horaris, etc. Per aix\u00f2, acostumen a perdre\u2019s en els detalls. El seu perfeccionisme fa que retardin molt la finalitzaci\u00f3 de les seves tasques. S\u00f3n persones r\u00edgides, obstinades i inflexibles. Tot i que reben noms semblants, el trastorn obsessivocompulsiu es diferencia d\u2019aquest trastorn de la personalitat perqu\u00e8 es diagnostica quan apareixen obsessions i compulsions.<\/li>\n<li><span class=\"color_azul\">Trastorn l\u00edmit o bordeline de la personalitat<\/span>: Es caracteritza per un patr\u00f3 general d\u2019inestabilitat en l\u2019estat d\u2019\u00e0nim i en les relacions amb els altres. Aquestes persones s\u2019esforcen per evitar un abandonament real o imaginari. Les seves relacions personals acostumen a ser molt intenses i sovint oscil\u00b7len entre la idealitzaci\u00f3 m\u00e9s extrema i el menyspreu. S\u00f3n persones molt impulsives (pel que fa a les despeses, al sexe, a l\u2019ab\u00fas de subst\u00e0ncies, a l\u2019alimentaci\u00f3, etc.). Acostumen a ser habituals les amenaces de su\u00efcidi i els intents de dur-lo a terme.<\/li>\n<li><span class=\"color_azul\">Trastorn de la personalitat per depend\u00e8ncia<\/span>: Les persones amb aquest trastorn tenen una necessitat general i excessiva que d\u2019altres s\u2019ocupin d\u2019elles, es mostren submises i tenen molta por del rebuig i de la separaci\u00f3. Tenen moltes dificultats per prendre decisions quotidianes i necessiten constantment la reafirmaci\u00f3 dels altres. No volen estar sols perqu\u00e8 els preocupa ser incapa\u00e7os de cuidar d\u2019ells mateixos.<\/li>\n<\/ul>\n<p>Tamb\u00e9 alguns trastorns que apareixen amb m\u00e9s freq\u00fc\u00e8ncia en la inf\u00e0ncia s\u2019han associat amb un trastorn de la personalitat en l\u2019edat adulta. Alguns autors suggereixen que el trastorn d\u2019ansietat per separaci\u00f3 (TAS) podria ser un antecedent del trastorn l\u00edmit de la personalitat. S\u2019ha observat que alguns nens amb un TAS en la inf\u00e0ncia desenvolupen aquest trastorn de la personalitat en etapes posteriors de la vida.<\/p>\n<p><span class=\"tit_azul\"> Tenir un trastorn de la personalitat obstaculitza la bona marxa del tractament d\u2019un trastorn d\u2019ansietat?<\/span><\/p>\n<p>Els treballs sobre aquest tema no s\u00f3n concloents. Alguns indiquen que el tractament dels trastorns d\u2019ansietat \u00e9s igual d\u2019efectiu encara que l\u2019usuari dels serveis psicol\u00f2gics tingui un trastorn de la personalitat. D\u2019altres suggereixen que la ter\u00e0pia, en aquest cas, pot ser m\u00e9s lenta. Per exemple, alguns estudis sobre el trastorn d\u2019ansietat generalitzada assenyalen que els usuaris que presenten un trastorn de la personalitat associat acostumen a abandonar el tractament amb m\u00e9s freq\u00fc\u00e8ncia. D\u2019altres adverteixen que en els usuaris amb un TAG o amb f\u00f2bia social i amb un trastorn de la personalitat \u00e9s menys probable la remissi\u00f3 del problema.<\/p>\n<p>__________<br \/>\n<span class=\"color_azul\">Font<\/span>: Noem\u00ed Guillam\u00f3n. Cl\u00ednica de l&#8217;Ansietat. Psic\u00f2legs especialistes en el tractament de l&#8217;ansietat. Barcelona i Madrid.<\/p>\n<p><strong>M\u00e9s informaci\u00f3<\/strong><\/p>\n<p>Andrews, G. (1996). Comorbidity and the general neurotic syndrome. <em>British Journal of Psychiatry, 168<\/em> (Suppl 30), 76-84.<\/p>\n<p>APA (1995). <em>Manual Diagn\u00f3stico y Estad\u00edstico de los Trastornos Mentales (DSM-IV)<\/em>. Barcelona: Masson.<\/p>\n<p>Clark, L.A., Watson, D., y Mineka, S. (1994). Temperament, personality, and the mood and anxiety disorders. <em>Journal of Abnormal Psychology, 103<\/em>(1), 103-116.<\/p>\n<p>Endler, N.S., y Kocovski, N.L. (2001). State and trait anxiety revisited. <em>Journal of Anxiety Disorders, 15<\/em>(3), 231-245.<\/p>\n<p>Matthews, G., Saklofske, D.H., Costa, P.T Jr, Deary, I.J., y Zeidner, M. (1998). Dimensional models of personality: A framework for systematic clinical assessment. <em>European Journal of Psychological Assessment, 14<\/em>(1), 36-49.<\/p>\n<p>Merikangas, K.R., Swendsen, J.D., Preisig, M.A., y Chazan, R.Z. (1998). Psychopathology and temperament in parents and offspring: Results of a family study. <em>Journal of Affective Disorders, 51<\/em>(1), 63-74.<\/p>\n<p>Perugi, G., Toni, C., Benedetti, A., Simonetti, B., Simoncini, M., y et.al. (1998). Delineating a putative phobic-anxious temperament in 126 panic-agoraphobic patients: Toward a rapprochement of European and US views. <em>Journal of Affective Disorders, 47<\/em>(1-3), 11-23.<\/p>\n<p>Rheaume, J., Ladouceur, R., y Freeston, M.H. (2000). The prediction of obsessive-compulsive tendencies: does perfectionism play a significant role?. <em>Personality and Individual Differences, 28<\/em>, 583-592.<\/p>\n<p>Watson, D., Clark, L.A., y Harkness, A.R. (1994). Structures of Personality and their relevance to psychopathology. <em>Journal of Abnormal Psychology, 103<\/em>(1), 18-31.<\/p>\n<p><span style=\"text-decoration: underline;\"><span class=\"enlace_azul\"><a href=\"https:\/\/clinicadeansiedad.com\/ca\/soluciones-y-recursos\/prevencion-de-la-ansiedad\/libros-sobre-ansiedad-divulgativos\/\" target=\"_blank\" rel=\"noopener noreferrer\">M\u00e9s llibres<\/a><\/span><\/span><\/p>\n","protected":false},"excerpt":{"rendered":"<p>Les caracter\u00edstiques de la personalitat i els trastorns que hi estan relacionats influeixen en l\u2019aparici\u00f3 i en el manteniment dels trastorns d\u2019ansietat, de manera que determinats temperaments predisposen les persones a aquest tipus de problemes.<\/p>\n","protected":false},"author":3439,"featured_media":55150,"comment_status":"closed","ping_status":"closed","sticky":false,"template":"","format":"standard","meta":{"_bbp_topic_count":0,"_bbp_reply_count":0,"_bbp_total_topic_count":0,"_bbp_total_reply_count":0,"_bbp_voice_count":0,"_bbp_anonymous_reply_count":0,"_bbp_topic_count_hidden":0,"_bbp_reply_count_hidden":0,"_bbp_forum_subforum_count":0,"_joinchat":[],"footnotes":""},"categories":[71],"tags":[],"class_list":["post-55164","post","type-post","status-publish","format-standard","has-post-thumbnail","hentry","category-introduccion"],"yoast_head":"<!-- This site is optimized with the Yoast SEO plugin v27.5 - https:\/\/yoast.com\/product\/yoast-seo-wordpress\/ -->\n<title>L\u2019ansietat i la personalitat - Cl\u00ednica de la Ansiedad<\/title>\n<meta name=\"robots\" content=\"index, follow, max-snippet:-1, max-image-preview:large, max-video-preview:-1\" \/>\n<link rel=\"canonical\" href=\"https:\/\/clinicadeansiedad.com\/ca\/problemes\/introduccion\/ansiedad-y-personalidad\/\" \/>\n<meta property=\"og:locale\" content=\"ca_ES\" \/>\n<meta property=\"og:type\" content=\"article\" \/>\n<meta property=\"og:title\" content=\"L\u2019ansietat i la personalitat - Cl\u00ednica de la Ansiedad\" \/>\n<meta property=\"og:description\" content=\"Les caracter\u00edstiques de la personalitat i els trastorns que hi estan relacionats influeixen en l\u2019aparici\u00f3 i en el manteniment dels trastorns d\u2019ansietat, de manera que determinats temperaments predisposen les persones a aquest tipus de problemes.\" \/>\n<meta property=\"og:url\" content=\"https:\/\/clinicadeansiedad.com\/ca\/problemes\/introduccion\/ansiedad-y-personalidad\/\" \/>\n<meta property=\"og:site_name\" content=\"Cl\u00ednica de la Ansiedad\" \/>\n<meta property=\"article:published_time\" content=\"2022-01-04T16:26:13+00:00\" \/>\n<meta property=\"article:modified_time\" content=\"2024-02-19T12:57:21+00:00\" \/>\n<meta property=\"og:image\" content=\"https:\/\/clinicadeansiedad.com\/wp-content\/uploads\/2015\/09\/guia-agorafobia.jpg\" \/>\n\t<meta property=\"og:image:width\" content=\"900\" \/>\n\t<meta property=\"og:image:height\" content=\"380\" \/>\n\t<meta property=\"og:image:type\" content=\"image\/jpeg\" \/>\n<meta name=\"author\" content=\"Administrador\" \/>\n<meta name=\"twitter:card\" content=\"summary_large_image\" \/>\n<meta name=\"twitter:label1\" content=\"Escrit per\" \/>\n\t<meta name=\"twitter:data1\" content=\"Administrador\" \/>\n\t<meta name=\"twitter:label2\" content=\"Temps estimat de lectura\" \/>\n\t<meta name=\"twitter:data2\" content=\"14 minuts\" \/>\n<script type=\"application\/ld+json\" class=\"yoast-schema-graph\">{\"@context\":\"https:\\\/\\\/schema.org\",\"@graph\":[{\"@type\":\"Article\",\"@id\":\"https:\\\/\\\/clinicadeansiedad.com\\\/ca\\\/problemes\\\/introduccion\\\/ansiedad-y-personalidad\\\/#article\",\"isPartOf\":{\"@id\":\"https:\\\/\\\/clinicadeansiedad.com\\\/ca\\\/problemes\\\/introduccion\\\/ansiedad-y-personalidad\\\/\"},\"author\":{\"name\":\"Administrador\",\"@id\":\"https:\\\/\\\/clinicadeansiedad.com\\\/ca\\\/#\\\/schema\\\/person\\\/b3cdcb35d45b0b722091daeae11d1e6d\"},\"headline\":\"L\u2019ansietat i la personalitat\",\"datePublished\":\"2022-01-04T16:26:13+00:00\",\"dateModified\":\"2024-02-19T12:57:21+00:00\",\"mainEntityOfPage\":{\"@id\":\"https:\\\/\\\/clinicadeansiedad.com\\\/ca\\\/problemes\\\/introduccion\\\/ansiedad-y-personalidad\\\/\"},\"wordCount\":3310,\"publisher\":{\"@id\":\"https:\\\/\\\/clinicadeansiedad.com\\\/ca\\\/#organization\"},\"image\":{\"@id\":\"https:\\\/\\\/clinicadeansiedad.com\\\/ca\\\/problemes\\\/introduccion\\\/ansiedad-y-personalidad\\\/#primaryimage\"},\"thumbnailUrl\":\"https:\\\/\\\/clinicadeansiedad.com\\\/wp-content\\\/uploads\\\/2015\\\/09\\\/guia-agorafobia.jpg\",\"articleSection\":[\"Introducci\u00f3\"],\"inLanguage\":\"ca\"},{\"@type\":\"WebPage\",\"@id\":\"https:\\\/\\\/clinicadeansiedad.com\\\/ca\\\/problemes\\\/introduccion\\\/ansiedad-y-personalidad\\\/\",\"url\":\"https:\\\/\\\/clinicadeansiedad.com\\\/ca\\\/problemes\\\/introduccion\\\/ansiedad-y-personalidad\\\/\",\"name\":\"L\u2019ansietat i la personalitat - Cl\u00ednica de la Ansiedad\",\"isPartOf\":{\"@id\":\"https:\\\/\\\/clinicadeansiedad.com\\\/ca\\\/#website\"},\"primaryImageOfPage\":{\"@id\":\"https:\\\/\\\/clinicadeansiedad.com\\\/ca\\\/problemes\\\/introduccion\\\/ansiedad-y-personalidad\\\/#primaryimage\"},\"image\":{\"@id\":\"https:\\\/\\\/clinicadeansiedad.com\\\/ca\\\/problemes\\\/introduccion\\\/ansiedad-y-personalidad\\\/#primaryimage\"},\"thumbnailUrl\":\"https:\\\/\\\/clinicadeansiedad.com\\\/wp-content\\\/uploads\\\/2015\\\/09\\\/guia-agorafobia.jpg\",\"datePublished\":\"2022-01-04T16:26:13+00:00\",\"dateModified\":\"2024-02-19T12:57:21+00:00\",\"breadcrumb\":{\"@id\":\"https:\\\/\\\/clinicadeansiedad.com\\\/ca\\\/problemes\\\/introduccion\\\/ansiedad-y-personalidad\\\/#breadcrumb\"},\"inLanguage\":\"ca\",\"potentialAction\":[{\"@type\":\"ReadAction\",\"target\":[\"https:\\\/\\\/clinicadeansiedad.com\\\/ca\\\/problemes\\\/introduccion\\\/ansiedad-y-personalidad\\\/\"]}]},{\"@type\":\"ImageObject\",\"inLanguage\":\"ca\",\"@id\":\"https:\\\/\\\/clinicadeansiedad.com\\\/ca\\\/problemes\\\/introduccion\\\/ansiedad-y-personalidad\\\/#primaryimage\",\"url\":\"https:\\\/\\\/clinicadeansiedad.com\\\/wp-content\\\/uploads\\\/2015\\\/09\\\/guia-agorafobia.jpg\",\"contentUrl\":\"https:\\\/\\\/clinicadeansiedad.com\\\/wp-content\\\/uploads\\\/2015\\\/09\\\/guia-agorafobia.jpg\",\"width\":900,\"height\":380},{\"@type\":\"BreadcrumbList\",\"@id\":\"https:\\\/\\\/clinicadeansiedad.com\\\/ca\\\/problemes\\\/introduccion\\\/ansiedad-y-personalidad\\\/#breadcrumb\",\"itemListElement\":[{\"@type\":\"ListItem\",\"position\":1,\"name\":\"Portada\",\"item\":\"https:\\\/\\\/clinicadeansiedad.com\\\/ca\\\/\"},{\"@type\":\"ListItem\",\"position\":2,\"name\":\"L\u2019ansietat i la personalitat\"}]},{\"@type\":\"WebSite\",\"@id\":\"https:\\\/\\\/clinicadeansiedad.com\\\/ca\\\/#website\",\"url\":\"https:\\\/\\\/clinicadeansiedad.com\\\/ca\\\/\",\"name\":\"Cl\u00ednica de la Ansiedad\",\"description\":\"\",\"publisher\":{\"@id\":\"https:\\\/\\\/clinicadeansiedad.com\\\/ca\\\/#organization\"},\"potentialAction\":[{\"@type\":\"SearchAction\",\"target\":{\"@type\":\"EntryPoint\",\"urlTemplate\":\"https:\\\/\\\/clinicadeansiedad.com\\\/ca\\\/?s={search_term_string}\"},\"query-input\":{\"@type\":\"PropertyValueSpecification\",\"valueRequired\":true,\"valueName\":\"search_term_string\"}}],\"inLanguage\":\"ca\"},{\"@type\":\"Organization\",\"@id\":\"https:\\\/\\\/clinicadeansiedad.com\\\/ca\\\/#organization\",\"name\":\"Cl\u00ednica de la Ansiedad\",\"url\":\"https:\\\/\\\/clinicadeansiedad.com\\\/ca\\\/\",\"logo\":{\"@type\":\"ImageObject\",\"inLanguage\":\"ca\",\"@id\":\"https:\\\/\\\/clinicadeansiedad.com\\\/ca\\\/#\\\/schema\\\/logo\\\/image\\\/\",\"url\":\"https:\\\/\\\/clinicadeansiedad.com\\\/wp-content\\\/uploads\\\/2020\\\/12\\\/cropped-logo_app-1-scaled-1.jpg\",\"contentUrl\":\"https:\\\/\\\/clinicadeansiedad.com\\\/wp-content\\\/uploads\\\/2020\\\/12\\\/cropped-logo_app-1-scaled-1.jpg\",\"width\":2555,\"height\":1923,\"caption\":\"Cl\u00ednica de la Ansiedad\"},\"image\":{\"@id\":\"https:\\\/\\\/clinicadeansiedad.com\\\/ca\\\/#\\\/schema\\\/logo\\\/image\\\/\"}},{\"@type\":\"Person\",\"@id\":\"https:\\\/\\\/clinicadeansiedad.com\\\/ca\\\/#\\\/schema\\\/person\\\/b3cdcb35d45b0b722091daeae11d1e6d\",\"name\":\"Administrador\",\"image\":{\"@type\":\"ImageObject\",\"inLanguage\":\"ca\",\"@id\":\"https:\\\/\\\/secure.gravatar.com\\\/avatar\\\/7db0f1e0a7444e53f0d742f084b00f81f08ec36a092facb1f0d776e894c1d5c4?s=96&d=mm&r=g\",\"url\":\"https:\\\/\\\/secure.gravatar.com\\\/avatar\\\/7db0f1e0a7444e53f0d742f084b00f81f08ec36a092facb1f0d776e894c1d5c4?s=96&d=mm&r=g\",\"contentUrl\":\"https:\\\/\\\/secure.gravatar.com\\\/avatar\\\/7db0f1e0a7444e53f0d742f084b00f81f08ec36a092facb1f0d776e894c1d5c4?s=96&d=mm&r=g\",\"caption\":\"Administrador\"},\"url\":\"https:\\\/\\\/clinicadeansiedad.com\\\/ca\\\/author\\\/clinica-2\\\/\"}]}<\/script>\n<!-- \/ Yoast SEO plugin. -->","yoast_head_json":{"title":"L\u2019ansietat i la personalitat - Cl\u00ednica de la Ansiedad","robots":{"index":"index","follow":"follow","max-snippet":"max-snippet:-1","max-image-preview":"max-image-preview:large","max-video-preview":"max-video-preview:-1"},"canonical":"https:\/\/clinicadeansiedad.com\/ca\/problemes\/introduccion\/ansiedad-y-personalidad\/","og_locale":"ca_ES","og_type":"article","og_title":"L\u2019ansietat i la personalitat - Cl\u00ednica de la Ansiedad","og_description":"Les caracter\u00edstiques de la personalitat i els trastorns que hi estan relacionats influeixen en l\u2019aparici\u00f3 i en el manteniment dels trastorns d\u2019ansietat, de manera que determinats temperaments predisposen les persones a aquest tipus de problemes.","og_url":"https:\/\/clinicadeansiedad.com\/ca\/problemes\/introduccion\/ansiedad-y-personalidad\/","og_site_name":"Cl\u00ednica de la Ansiedad","article_published_time":"2022-01-04T16:26:13+00:00","article_modified_time":"2024-02-19T12:57:21+00:00","og_image":[{"width":900,"height":380,"url":"https:\/\/clinicadeansiedad.com\/wp-content\/uploads\/2015\/09\/guia-agorafobia.jpg","type":"image\/jpeg"}],"author":"Administrador","twitter_card":"summary_large_image","twitter_misc":{"Escrit per":"Administrador","Temps estimat de lectura":"14 minuts"},"schema":{"@context":"https:\/\/schema.org","@graph":[{"@type":"Article","@id":"https:\/\/clinicadeansiedad.com\/ca\/problemes\/introduccion\/ansiedad-y-personalidad\/#article","isPartOf":{"@id":"https:\/\/clinicadeansiedad.com\/ca\/problemes\/introduccion\/ansiedad-y-personalidad\/"},"author":{"name":"Administrador","@id":"https:\/\/clinicadeansiedad.com\/ca\/#\/schema\/person\/b3cdcb35d45b0b722091daeae11d1e6d"},"headline":"L\u2019ansietat i la personalitat","datePublished":"2022-01-04T16:26:13+00:00","dateModified":"2024-02-19T12:57:21+00:00","mainEntityOfPage":{"@id":"https:\/\/clinicadeansiedad.com\/ca\/problemes\/introduccion\/ansiedad-y-personalidad\/"},"wordCount":3310,"publisher":{"@id":"https:\/\/clinicadeansiedad.com\/ca\/#organization"},"image":{"@id":"https:\/\/clinicadeansiedad.com\/ca\/problemes\/introduccion\/ansiedad-y-personalidad\/#primaryimage"},"thumbnailUrl":"https:\/\/clinicadeansiedad.com\/wp-content\/uploads\/2015\/09\/guia-agorafobia.jpg","articleSection":["Introducci\u00f3"],"inLanguage":"ca"},{"@type":"WebPage","@id":"https:\/\/clinicadeansiedad.com\/ca\/problemes\/introduccion\/ansiedad-y-personalidad\/","url":"https:\/\/clinicadeansiedad.com\/ca\/problemes\/introduccion\/ansiedad-y-personalidad\/","name":"L\u2019ansietat i la personalitat - Cl\u00ednica de la Ansiedad","isPartOf":{"@id":"https:\/\/clinicadeansiedad.com\/ca\/#website"},"primaryImageOfPage":{"@id":"https:\/\/clinicadeansiedad.com\/ca\/problemes\/introduccion\/ansiedad-y-personalidad\/#primaryimage"},"image":{"@id":"https:\/\/clinicadeansiedad.com\/ca\/problemes\/introduccion\/ansiedad-y-personalidad\/#primaryimage"},"thumbnailUrl":"https:\/\/clinicadeansiedad.com\/wp-content\/uploads\/2015\/09\/guia-agorafobia.jpg","datePublished":"2022-01-04T16:26:13+00:00","dateModified":"2024-02-19T12:57:21+00:00","breadcrumb":{"@id":"https:\/\/clinicadeansiedad.com\/ca\/problemes\/introduccion\/ansiedad-y-personalidad\/#breadcrumb"},"inLanguage":"ca","potentialAction":[{"@type":"ReadAction","target":["https:\/\/clinicadeansiedad.com\/ca\/problemes\/introduccion\/ansiedad-y-personalidad\/"]}]},{"@type":"ImageObject","inLanguage":"ca","@id":"https:\/\/clinicadeansiedad.com\/ca\/problemes\/introduccion\/ansiedad-y-personalidad\/#primaryimage","url":"https:\/\/clinicadeansiedad.com\/wp-content\/uploads\/2015\/09\/guia-agorafobia.jpg","contentUrl":"https:\/\/clinicadeansiedad.com\/wp-content\/uploads\/2015\/09\/guia-agorafobia.jpg","width":900,"height":380},{"@type":"BreadcrumbList","@id":"https:\/\/clinicadeansiedad.com\/ca\/problemes\/introduccion\/ansiedad-y-personalidad\/#breadcrumb","itemListElement":[{"@type":"ListItem","position":1,"name":"Portada","item":"https:\/\/clinicadeansiedad.com\/ca\/"},{"@type":"ListItem","position":2,"name":"L\u2019ansietat i la personalitat"}]},{"@type":"WebSite","@id":"https:\/\/clinicadeansiedad.com\/ca\/#website","url":"https:\/\/clinicadeansiedad.com\/ca\/","name":"Cl\u00ednica de la Ansiedad","description":"","publisher":{"@id":"https:\/\/clinicadeansiedad.com\/ca\/#organization"},"potentialAction":[{"@type":"SearchAction","target":{"@type":"EntryPoint","urlTemplate":"https:\/\/clinicadeansiedad.com\/ca\/?s={search_term_string}"},"query-input":{"@type":"PropertyValueSpecification","valueRequired":true,"valueName":"search_term_string"}}],"inLanguage":"ca"},{"@type":"Organization","@id":"https:\/\/clinicadeansiedad.com\/ca\/#organization","name":"Cl\u00ednica de la Ansiedad","url":"https:\/\/clinicadeansiedad.com\/ca\/","logo":{"@type":"ImageObject","inLanguage":"ca","@id":"https:\/\/clinicadeansiedad.com\/ca\/#\/schema\/logo\/image\/","url":"https:\/\/clinicadeansiedad.com\/wp-content\/uploads\/2020\/12\/cropped-logo_app-1-scaled-1.jpg","contentUrl":"https:\/\/clinicadeansiedad.com\/wp-content\/uploads\/2020\/12\/cropped-logo_app-1-scaled-1.jpg","width":2555,"height":1923,"caption":"Cl\u00ednica de la Ansiedad"},"image":{"@id":"https:\/\/clinicadeansiedad.com\/ca\/#\/schema\/logo\/image\/"}},{"@type":"Person","@id":"https:\/\/clinicadeansiedad.com\/ca\/#\/schema\/person\/b3cdcb35d45b0b722091daeae11d1e6d","name":"Administrador","image":{"@type":"ImageObject","inLanguage":"ca","@id":"https:\/\/secure.gravatar.com\/avatar\/7db0f1e0a7444e53f0d742f084b00f81f08ec36a092facb1f0d776e894c1d5c4?s=96&d=mm&r=g","url":"https:\/\/secure.gravatar.com\/avatar\/7db0f1e0a7444e53f0d742f084b00f81f08ec36a092facb1f0d776e894c1d5c4?s=96&d=mm&r=g","contentUrl":"https:\/\/secure.gravatar.com\/avatar\/7db0f1e0a7444e53f0d742f084b00f81f08ec36a092facb1f0d776e894c1d5c4?s=96&d=mm&r=g","caption":"Administrador"},"url":"https:\/\/clinicadeansiedad.com\/ca\/author\/clinica-2\/"}]}},"featured_image_src":"https:\/\/clinicadeansiedad.com\/wp-content\/uploads\/2015\/09\/guia-agorafobia.jpg","featured_image_src_square":"https:\/\/clinicadeansiedad.com\/wp-content\/uploads\/2015\/09\/guia-agorafobia.jpg","author_info":{"display_name":"Administrador","author_link":"https:\/\/clinicadeansiedad.com\/ca\/author\/clinica-2\/"},"category_info":"<a href=\"https:\/\/clinicadeansiedad.com\/ca\/problemes\/introduccion\/\" rel=\"category tag\">Introducci\u00f3<\/a>","tags_info":"","social_share_info":"<a data-share=\"facebook\" href=\"https:\/\/www.facebook.com\/sharer.php?u=https:\/\/clinicadeansiedad.com\/ca\/problemes\/introduccion\/ansiedad-y-personalidad\/\" class=\"pl-facebook-share social-share-default pl-social-share\" target=\"_blank\"><i class=\"fab fa-facebook-f\" aria-hidden=\"true\"><\/i><\/a><a data-share=\"twitter\" href=\"https:\/\/twitter.com\/share?url=https:\/\/clinicadeansiedad.com\/ca\/problemes\/introduccion\/ansiedad-y-personalidad\/\" class=\"pl-twiiter-share social-share-default pl-social-share\" target=\"_blank\"><i class=\"fab fa-twitter\" aria-hidden=\"true\"><\/i><\/a><a data-share=\"linkedin\" href=\"https:\/\/www.linkedin.com\/shareArticle?url=https:\/\/clinicadeansiedad.com\/ca\/problemes\/introduccion\/ansiedad-y-personalidad\/\" class=\"pl-linkedin-share social-share-default pl-social-share\" target=\"_blank\"><i class=\"fab fa-linkedin-in\" aria-hidden=\"true\"><\/i><\/a>","wordExcerpt_info":"<p>Les caracter\u00edstiques de la personalitat i els trastorns que hi estan relacionats influeixen en l\u2019aparici\u00f3 i en el manteniment dels trastorns d\u2019ansietat, de manera que determinats temperaments predisposen les persones a aquest tipus de problemes.<\/p>\n","comment_info":"No Comments","_links":{"self":[{"href":"https:\/\/clinicadeansiedad.com\/ca\/wp-json\/wp\/v2\/posts\/55164","targetHints":{"allow":["GET"]}}],"collection":[{"href":"https:\/\/clinicadeansiedad.com\/ca\/wp-json\/wp\/v2\/posts"}],"about":[{"href":"https:\/\/clinicadeansiedad.com\/ca\/wp-json\/wp\/v2\/types\/post"}],"author":[{"embeddable":true,"href":"https:\/\/clinicadeansiedad.com\/ca\/wp-json\/wp\/v2\/users\/3439"}],"replies":[{"embeddable":true,"href":"https:\/\/clinicadeansiedad.com\/ca\/wp-json\/wp\/v2\/comments?post=55164"}],"version-history":[{"count":1,"href":"https:\/\/clinicadeansiedad.com\/ca\/wp-json\/wp\/v2\/posts\/55164\/revisions"}],"predecessor-version":[{"id":55182,"href":"https:\/\/clinicadeansiedad.com\/ca\/wp-json\/wp\/v2\/posts\/55164\/revisions\/55182"}],"wp:featuredmedia":[{"embeddable":true,"href":"https:\/\/clinicadeansiedad.com\/ca\/wp-json\/wp\/v2\/media\/55150"}],"wp:attachment":[{"href":"https:\/\/clinicadeansiedad.com\/ca\/wp-json\/wp\/v2\/media?parent=55164"}],"wp:term":[{"taxonomy":"category","embeddable":true,"href":"https:\/\/clinicadeansiedad.com\/ca\/wp-json\/wp\/v2\/categories?post=55164"},{"taxonomy":"post_tag","embeddable":true,"href":"https:\/\/clinicadeansiedad.com\/ca\/wp-json\/wp\/v2\/tags?post=55164"}],"curies":[{"name":"wp","href":"https:\/\/api.w.org\/{rel}","templated":true}]}}